{"id":918,"date":"2026-09-04T14:51:25","date_gmt":"2026-09-04T12:51:25","guid":{"rendered":"https:\/\/www.sofz.sk\/?p=918"},"modified":"2026-09-04T14:51:25","modified_gmt":"2026-09-04T12:51:25","slug":"vv-sofz-1-9-2026","status":"publish","type":"post","link":"https:\/\/www.sofz.sk\/?p=918","title":{"rendered":"VV SOFZ 1.9.2026"},"content":{"rendered":"\n<p class=\"wp-block-paragraph\"><strong><u>Spi\u0161sk\u00fd oblastn\u00fd futbalov\u00fd zv\u00e4z so s\u00eddlom v&nbsp;Spi\u0161skej Novej Vsi<\/u><\/strong><\/p>\n\n\n\n<p class=\"wp-block-paragraph\">&nbsp;&nbsp;&nbsp;&nbsp;&nbsp;&nbsp;&nbsp;&nbsp;&nbsp;&nbsp;&nbsp;&nbsp;&nbsp;&nbsp;&nbsp;&nbsp;&nbsp;&nbsp;&nbsp;&nbsp;&nbsp;&nbsp;&nbsp;&nbsp;&nbsp;&nbsp;&nbsp;&nbsp;&nbsp;&nbsp;&nbsp;&nbsp;&nbsp;&nbsp;&nbsp;&nbsp;&nbsp;&nbsp;&nbsp;&nbsp;&nbsp;&nbsp;&nbsp;&nbsp;&nbsp;&nbsp;&nbsp;&nbsp;&nbsp;&nbsp;&nbsp;&nbsp;&nbsp;&nbsp;&nbsp;&nbsp;&nbsp;&nbsp;&nbsp;&nbsp;&nbsp;&nbsp;&nbsp;&nbsp;&nbsp;&nbsp;&nbsp;&nbsp;&nbsp;&nbsp;&nbsp;&nbsp;&nbsp;&nbsp;&nbsp;&nbsp;&nbsp;&nbsp;&nbsp;&nbsp;&nbsp;&nbsp;&nbsp;&nbsp;&nbsp;&nbsp;&nbsp;&nbsp;&nbsp;&nbsp;&nbsp;&nbsp;&nbsp; 2.9.2026<\/p>\n\n\n\n<p class=\"wp-block-paragraph\"><strong>Z\u00e1pisnica<\/strong><\/p>\n\n\n\n<p class=\"wp-block-paragraph\">Zap\u00edsan\u00e1 z&nbsp;riadneho 8.zasadnutia VV SOFZ, ktor\u00e9 sa konalo d\u0148a 1.9.2026 v&nbsp;Spi\u0161skej Novej vsi.<\/p>\n\n\n\n<p class=\"wp-block-paragraph\"><strong>Pr\u00edtomn\u00ed:<\/strong> p. Bedn\u00e1r, Brezovaj, Drajna, Neuvirth, Toma\u0161ko<\/p>\n\n\n\n<p class=\"wp-block-paragraph\"><strong>Program:<\/strong><\/p>\n\n\n\n<ol start=\"1\" class=\"wp-block-list\">\n<li>Otvorenie<\/li>\n\n\n\n<li>Kontrola uznesen\u00ed<\/li>\n\n\n\n<li>Inform\u00e1cie zo zasadnutia VV VsFZ zo d\u0148a 27.08.2026<\/li>\n\n\n\n<li>Inform\u00e1cie o\u00a0priebehu s\u00fa\u0165a\u017en\u00e9ho ro\u010dn\u00edka 2026\/2027 ( predsedovia KR, \u0160TK a\u00a0DK )<\/li>\n\n\n\n<li>Inform\u00e1cia o\u00a0\u0161kolen\u00ed tr\u00e9nerov licencie UEFA C v\u00a0Spi\u0161skej Novej Vsi ( 02.septembra \u2013 11. novembra 2026 )<\/li>\n\n\n\n<li>\u010cerpanie dot\u00e1cie z\u00a0VsFZ pre kluby matri\u010dne pr\u00edslu\u0161n\u00e9 k\u00a0VsFZ\u00a0 a\u00a0oblastn\u00e9 futbalov\u00e9 zv\u00e4zy v\u00a0r\u00e1mci VsFZ ( zmena term\u00ednu a\u00a0doplnenie \u00fa\u010delu )<\/li>\n\n\n\n<li>Pr\u00edprava vyhl\u00e1senia Jeden\u00e1stky roka za rok 2026<\/li>\n\n\n\n<li>R\u00f4zne<\/li>\n\n\n\n<li>Z\u00e1ver<\/li>\n<\/ol>\n\n\n\n<p class=\"wp-block-paragraph\"><strong>K&nbsp;bodu 1<\/strong>\/Otvorenie-zasadnutie otvoril a&nbsp;viedol p. Bedn\u00e1r, predostrel&nbsp; program rokovania &#8211; bez pripomienok schv\u00e1len\u00fd.<\/p>\n\n\n\n<p class=\"wp-block-paragraph\"><strong>K&nbsp;bodu 2<\/strong>\/Kontrola uznesen\u00ed &#8211; previedol&nbsp; p. Bedn\u00e1r, Straka<\/p>\n\n\n\n<p class=\"wp-block-paragraph\">Uznesenia, ktor\u00e9 boli splnen\u00e9: 18\/26, 19\/26, 20\/26<\/p>\n\n\n\n<p class=\"wp-block-paragraph\">Uznesenie, ktor\u00e9 trv\u00e1 : 2\/16 \u2013 predkladanie vedenia \u00fa\u010dtovn\u00edctva<\/p>\n\n\n\n<p class=\"wp-block-paragraph\"><em><strong>K&nbsp;bodu 3\/<\/strong><\/em> Inform\u00e1cie zo zasadnutia VV VsFZ zo d\u0148a 27.08.2026<\/p>\n\n\n\n<p class=\"wp-block-paragraph\">-informoval predseda SOFZ o&nbsp;zasadnut\u00ed VV VsFZ (podpora R P. Havrilu, pr\u00edprava memori\u00e1lu G. Princa, dot\u00e1cia pre kluby a&nbsp;ObFZ od VsFZ \u2013 \u010derpanie klubov SOFZ v&nbsp;p\u00f4sobnosti VsFZ, Grassroots n\u00e1vrh na ocenenie, pasportiz\u00e1cia hrac\u00edch pl\u00f4ch klubov SOFZ v&nbsp;p\u00f4sobnosti VsFZ, PR na nomina\u010dn\u00fa listinu SFZ, vyradenie R a&nbsp;DZ z&nbsp;nomina\u010dn\u00fdch list\u00edn VsFZ, predlo\u017een\u00fd stav hospod\u00e1renia SFZ).<\/p>\n\n\n\n<p class=\"wp-block-paragraph\"><strong>K&nbsp;bodu 4<\/strong>\/ Inform\u00e1cie o&nbsp;priebehu s\u00fa\u0165a\u017en\u00e9ho ro\u010dn\u00edka 2026\/2027 (predsedovia KR, \u0160TK a&nbsp;DK )<\/p>\n\n\n\n<p class=\"wp-block-paragraph\">-informovali predsedovia odborn\u00fdch komisi\u00ed SOFZ- p.Bobko, Kro\u010dian, Kotr\u00e1dy \u2013 stav a&nbsp;po\u010det R v&nbsp;s\u00fa\u0165a\u017eiach SOFZ, odhl\u00e1senie dru\u017estiev zo s\u00fa\u0165a\u017ei(dospel\u00ed Mn\u00ed\u0161ek n.\/H., Kluknava, nenast\u00fapenie v&nbsp;s\u00fa\u0165a\u017ei dospel\u00fdch \u2013 Sp. Hru\u0161ov), za\u010diatok a&nbsp;priebeh ostatn\u00fdch s\u00fa\u0165a\u017ei SOFZ.<\/p>\n\n\n\n<p class=\"wp-block-paragraph\"><strong>K&nbsp;bodu 5<\/strong>\/ Inform\u00e1cia o&nbsp;\u0161kolen\u00ed tr\u00e9nerov licencie UEFA C v&nbsp;Spi\u0161skej Novej Vsi ( 02.septembra \u2013 11. novembra 2026 )<\/p>\n\n\n\n<p class=\"wp-block-paragraph\">-informoval predseda SOFZ o&nbsp;\u0161kolen\u00ed tr\u00e9nerov licencie C v&nbsp;Spi\u0161skej Novej Vsi \u2013 za\u010diatok 2.9.2026 v&nbsp;priestoroch FK SNV \u2013 17 \u00fa\u010dastn\u00edkov(\u0161kolitelia p. Szenay, Vilner).<\/p>\n\n\n\n<p class=\"wp-block-paragraph\"><strong>K&nbsp;bodu 6<\/strong>\/ \u010cerpanie dot\u00e1cie z&nbsp;VsFZ pre kluby matri\u010dne pr\u00edslu\u0161n\u00e9 k&nbsp;VsFZ&nbsp; a&nbsp;oblastn\u00e9 futbalov\u00e9 zv\u00e4zy v&nbsp;r\u00e1mci VsFZ ( zmena term\u00ednu a&nbsp;doplnenie \u00fa\u010delu )<\/p>\n\n\n\n<p class=\"wp-block-paragraph\">-informoval predseda SOFZ o&nbsp;dot\u00e1cii klubom SOFZ v&nbsp;p\u00f4sobnosti VsFZ \u2013 \u010derpanie dot\u00e1cie, taktie\u017e informoval o&nbsp;dot\u00e1cii pre SOFZ \u2013 vy\u010derpanie do konca roka 2026(memori\u00e1l A. Franka, jeden\u00e1stka roka SOFZ 2026)<\/p>\n\n\n\n<p class=\"wp-block-paragraph\"><strong>K&nbsp;bodu 7<\/strong>\/ Pr\u00edprava vyhl\u00e1senia Jeden\u00e1stky roka za rok 2026<\/p>\n\n\n\n<p class=\"wp-block-paragraph\">-informoval predseda SOFZ o&nbsp;vyhl\u00e1sen\u00ed jeden\u00e1stky roka SOFZ 2026, zabezpe\u010denie priestorov v&nbsp;hoteli Preveza, finan\u010dn\u00e9 zabezpe\u010denie dan\u00e9ho podujatia, po skon\u010den\u00ed jesennej \u010dasti zorganizova\u0165 anketu a&nbsp;zverejnenie v&nbsp;\u00daS SOFZ.<\/p>\n\n\n\n<p class=\"wp-block-paragraph\"><strong>K&nbsp;bodu 8<\/strong>\/ R\u00f4zne<\/p>\n\n\n\n<p class=\"wp-block-paragraph\">K&nbsp;tomuto bolo prijat\u00e9 nasleduj\u00face uznesenie:<\/p>\n\n\n\n<p class=\"wp-block-paragraph\"><strong>Uznesenie \u010d.21\/2026<\/strong><\/p>\n\n\n\n<p class=\"wp-block-paragraph\">VV SOFZ schva\u013euje Rozpis s\u00fa\u0165a\u017ei SOFZ pre s\u00fa\u0165a\u017en\u00fd ro\u010dn\u00edk 2026\/2027 tak ako bol zverejnen\u00fd na str\u00e1nke SOFZ a&nbsp;taktie\u017e vytla\u010den\u00fd v&nbsp;kni\u017enej podobe.<\/p>\n\n\n\n<p class=\"wp-block-paragraph\">term\u00edn: ihne\u010f&nbsp;&nbsp;&nbsp;&nbsp;&nbsp;&nbsp;&nbsp;&nbsp;&nbsp;&nbsp;&nbsp;&nbsp;&nbsp;&nbsp;&nbsp;&nbsp;&nbsp;&nbsp;&nbsp;&nbsp;&nbsp;&nbsp;&nbsp;&nbsp;&nbsp;&nbsp;&nbsp;&nbsp;&nbsp;&nbsp;&nbsp;&nbsp;&nbsp;&nbsp;&nbsp;&nbsp;&nbsp;&nbsp; &nbsp;&nbsp;&nbsp;&nbsp;&nbsp;&nbsp;&nbsp;&nbsp;&nbsp;&nbsp;&nbsp;&nbsp;&nbsp;&nbsp;&nbsp;&nbsp;&nbsp;&nbsp;&nbsp;&nbsp;&nbsp;&nbsp;&nbsp;&nbsp;&nbsp;&nbsp;&nbsp;&nbsp;&nbsp;&nbsp;&nbsp;zodpo: v texte<\/p>\n\n\n\n<p class=\"wp-block-paragraph\"><strong>Uznesenie \u010d.22\/2026<\/strong><\/p>\n\n\n\n<p class=\"wp-block-paragraph\">VV SOFZ schva\u013euje n\u00e1klady na turnaj R a&nbsp;DZ SOFZ v&nbsp;Michalovciach d\u0148a 19.12.2026.<\/p>\n\n\n\n<p class=\"wp-block-paragraph\">term\u00edn: ihne\u010f&nbsp;&nbsp;&nbsp;&nbsp;&nbsp;&nbsp;&nbsp;&nbsp;&nbsp;&nbsp;&nbsp;&nbsp;&nbsp;&nbsp;&nbsp;&nbsp;&nbsp;&nbsp;&nbsp;&nbsp;&nbsp;&nbsp;&nbsp;&nbsp;&nbsp;&nbsp;&nbsp;&nbsp;&nbsp;&nbsp;&nbsp;&nbsp;&nbsp;&nbsp;&nbsp;&nbsp;&nbsp;&nbsp;&nbsp;&nbsp;&nbsp;&nbsp;&nbsp;&nbsp;&nbsp;&nbsp;&nbsp;&nbsp;&nbsp;&nbsp;&nbsp;&nbsp;&nbsp;&nbsp;&nbsp;&nbsp;&nbsp;&nbsp;&nbsp;&nbsp;&nbsp;&nbsp;&nbsp;&nbsp;&nbsp;&nbsp;&nbsp;&nbsp;&nbsp; zodpo: v texte<\/p>\n\n\n\n<p class=\"wp-block-paragraph\"><strong>Z\u00e1ver<\/strong> &#8211; predseda SOFZ po\u010fakoval z\u00fa\u010dastnen\u00fdm \u010dlenom VV SOFZ za \u00fa\u010das\u0165 zasadnutie ukon\u010dil. Nasleduj\u00face zasadnutie VV SOFZ sa uskuto\u010dn\u00ed po telefonickom, emailovom dohovore.<\/p>\n\n\n\n<p class=\"wp-block-paragraph\"><strong>D. a&nbsp;H.<\/strong><\/p>\n\n\n\n<p class=\"wp-block-paragraph\">Zap\u00edsal : J\u00falius Straka&nbsp;&nbsp;&nbsp;&nbsp;&nbsp;&nbsp;&nbsp;&nbsp;&nbsp;&nbsp;&nbsp;&nbsp;&nbsp;&nbsp;&nbsp;&nbsp;&nbsp;&nbsp;&nbsp;&nbsp;&nbsp;&nbsp;&nbsp;&nbsp;&nbsp;&nbsp;&nbsp;&nbsp;&nbsp;&nbsp;&nbsp;&nbsp;&nbsp;&nbsp;&nbsp;&nbsp;&nbsp;&nbsp;&nbsp;&nbsp;&nbsp;&nbsp;&nbsp;&nbsp;&nbsp;&nbsp;&nbsp;&nbsp;&nbsp;&nbsp;&nbsp;&nbsp;&nbsp;&nbsp;&nbsp;&nbsp;&nbsp; Peter Bedn\u00e1r<\/p>\n\n\n\n<p class=\"wp-block-paragraph\">&nbsp;&nbsp;&nbsp;&nbsp;&nbsp;&nbsp;&nbsp;&nbsp;&nbsp;&nbsp;&nbsp;&nbsp;&nbsp;&nbsp; sekret\u00e1r SOFZ&nbsp;&nbsp;&nbsp;&nbsp;&nbsp;&nbsp;&nbsp;&nbsp;&nbsp;&nbsp;&nbsp;&nbsp;&nbsp;&nbsp;&nbsp;&nbsp;&nbsp;&nbsp;&nbsp;&nbsp;&nbsp;&nbsp;&nbsp;&nbsp;&nbsp;&nbsp;&nbsp;&nbsp;&nbsp;&nbsp;&nbsp;&nbsp;&nbsp;&nbsp;&nbsp;&nbsp;&nbsp;&nbsp;&nbsp;&nbsp;&nbsp;&nbsp;&nbsp;&nbsp;&nbsp;&nbsp;&nbsp;&nbsp;&nbsp;&nbsp;&nbsp;&nbsp;&nbsp;&nbsp; predseda SOFZ<\/p>\n","protected":false},"excerpt":{"rendered":"<p>Spi\u0161sk\u00fd oblastn\u00fd futbalov\u00fd zv\u00e4z so s\u00eddlom v&nbsp;Spi\u0161skej Novej Vsi &nbsp;&nbsp;&nbsp;&nbsp;&nbsp;&nbsp;&nbsp;&nbsp;&nbsp;&nbsp;&nbsp;&nbsp;&nbsp;&nbsp;&nbsp;&nbsp;&nbsp;&nbsp;&nbsp;&nbsp;&nbsp;&nbsp;&nbsp;&nbsp;&nbsp;&nbsp;&nbsp;&nbsp;&nbsp;&nbsp;&nbsp;&nbsp;&nbsp;&nbsp;&nbsp;&nbsp;&nbsp;&nbsp;&nbsp;&nbsp;&nbsp;&nbsp;&nbsp;&nbsp;&nbsp;&nbsp;&nbsp;&nbsp;&nbsp;&nbsp;&nbsp;&nbsp;&nbsp;&nbsp;&nbsp;&nbsp;&nbsp;&nbsp;&nbsp;&nbsp;&nbsp;&nbsp;&nbsp;&nbsp;&nbsp;&nbsp;&nbsp;&nbsp;&nbsp;&nbsp;&nbsp;&nbsp;&nbsp;&nbsp;&nbsp;&nbsp;&nbsp;&nbsp;&nbsp;&nbsp;&nbsp;&nbsp;&nbsp;&nbsp;&nbsp;&nbsp;&nbsp;&nbsp;&nbsp;&nbsp;&nbsp;&nbsp;&nbsp; 2.9.2026 Z\u00e1pisnica Zap\u00edsan\u00e1 z&nbsp;riadneho 8.zasadnutia VV SOFZ, ktor\u00e9 sa konalo d\u0148a 1.9.2026 v&nbsp;Spi\u0161skej Novej vsi. Pr\u00edtomn\u00ed: p. Bedn\u00e1r, Brezovaj, Drajna, Neuvirth, Toma\u0161ko Program: K&nbsp;bodu 1\/Otvorenie-zasadnutie otvoril a&nbsp;viedol p. Bedn\u00e1r, predostrel&nbsp; program rokovania &#8211; bez pripomienok schv\u00e1len\u00fd. K&nbsp;bodu 2\/Kontrola uznesen\u00ed &#8211; previedol&nbsp; p. Bedn\u00e1r, Straka Uznesenia,&#8230; <\/p>\n","protected":false},"author":2,"featured_media":0,"comment_status":"closed","ping_status":"","sticky":false,"template":"","format":"standard","meta":{"footnotes":""},"categories":[7],"tags":[],"class_list":["post-918","post","type-post","status-publish","format-standard","hentry","category-vvsofz"],"_links":{"self":[{"href":"https:\/\/www.sofz.sk\/index.php?rest_route=\/wp\/v2\/posts\/918","targetHints":{"allow":["GET"]}}],"collection":[{"href":"https:\/\/www.sofz.sk\/index.php?rest_route=\/wp\/v2\/posts"}],"about":[{"href":"https:\/\/www.sofz.sk\/index.php?rest_route=\/wp\/v2\/types\/post"}],"author":[{"embeddable":true,"href":"https:\/\/www.sofz.sk\/index.php?rest_route=\/wp\/v2\/users\/2"}],"replies":[{"embeddable":true,"href":"https:\/\/www.sofz.sk\/index.php?rest_route=%2Fwp%2Fv2%2Fcomments&post=918"}],"version-history":[{"count":1,"href":"https:\/\/www.sofz.sk\/index.php?rest_route=\/wp\/v2\/posts\/918\/revisions"}],"predecessor-version":[{"id":919,"href":"https:\/\/www.sofz.sk\/index.php?rest_route=\/wp\/v2\/posts\/918\/revisions\/919"}],"wp:attachment":[{"href":"https:\/\/www.sofz.sk\/index.php?rest_route=%2Fwp%2Fv2%2Fmedia&parent=918"}],"wp:term":[{"taxonomy":"category","embeddable":true,"href":"https:\/\/www.sofz.sk\/index.php?rest_route=%2Fwp%2Fv2%2Fcategories&post=918"},{"taxonomy":"post_tag","embeddable":true,"href":"https:\/\/www.sofz.sk\/index.php?rest_route=%2Fwp%2Fv2%2Ftags&post=918"}],"curies":[{"name":"wp","href":"https:\/\/api.w.org\/{rel}","templated":true}]}}