{"id":774,"date":"2026-04-23T13:58:30","date_gmt":"2026-04-23T11:58:30","guid":{"rendered":"https:\/\/www.sofz.sk\/?p=774"},"modified":"2026-04-23T13:58:30","modified_gmt":"2026-04-23T11:58:30","slug":"vv-sofz-1-4-2026","status":"publish","type":"post","link":"https:\/\/www.sofz.sk\/?p=774","title":{"rendered":"VV SOFZ 1.4.2026"},"content":{"rendered":"\n<p><strong><u>Spi\u0161sk\u00fd oblastn\u00fd futbalov\u00fd zv\u00e4z so s\u00eddlom v&nbsp;Spi\u0161skej Novej Vsi<\/u><\/strong><\/p>\n\n\n\n<p>&nbsp;&nbsp;&nbsp;&nbsp;&nbsp;&nbsp;&nbsp;&nbsp;&nbsp;&nbsp;&nbsp;&nbsp;&nbsp;&nbsp;&nbsp;&nbsp;&nbsp;&nbsp;&nbsp;&nbsp;&nbsp;&nbsp;&nbsp;&nbsp;&nbsp;&nbsp;&nbsp;&nbsp;&nbsp;&nbsp;&nbsp;&nbsp;&nbsp;&nbsp;&nbsp;&nbsp;&nbsp;&nbsp;&nbsp;&nbsp;&nbsp;&nbsp;&nbsp;&nbsp;&nbsp;&nbsp;&nbsp;&nbsp;&nbsp;&nbsp;&nbsp;&nbsp;&nbsp;&nbsp;&nbsp;&nbsp;&nbsp;&nbsp;&nbsp;&nbsp;&nbsp;&nbsp;&nbsp;&nbsp;&nbsp;&nbsp;&nbsp;&nbsp;&nbsp;&nbsp;&nbsp;&nbsp;&nbsp;&nbsp;&nbsp;&nbsp;&nbsp;&nbsp;&nbsp;&nbsp;&nbsp;&nbsp;&nbsp;&nbsp;&nbsp;&nbsp;&nbsp;&nbsp;&nbsp;&nbsp;&nbsp;&nbsp;&nbsp; 2.4.2026<\/p>\n\n\n\n<p><strong>Z\u00e1pisnica<\/strong><\/p>\n\n\n\n<p>Zap\u00edsan\u00e1 z&nbsp;riadneho 5.zasadnutia VV SOFZ, ktor\u00e9 sa konalo d\u0148a 1.4.2026 v&nbsp;Spi\u0161skej Novej Vsi.<\/p>\n\n\n\n<p><strong>Pr\u00edtomn\u00ed:<\/strong> p. Bedn\u00e1r, Brezovaj, Drajna, Toma\u0161ko<\/p>\n\n\n\n<p><strong>Ospravedlnen\u00fd:<\/strong> p. Neuvirth<\/p>\n\n\n\n<p><strong>Program: <\/strong>1\/Otvorenie<\/p>\n\n\n\n<p>&nbsp;&nbsp;&nbsp;&nbsp;&nbsp;&nbsp;&nbsp;&nbsp;&nbsp;&nbsp;&nbsp; &nbsp;&nbsp;&nbsp;&nbsp;&nbsp; 2\/Kontrola uznesen\u00ed<\/p>\n\n\n\n<p><strong>&nbsp;&nbsp;&nbsp;&nbsp;&nbsp; <\/strong>3\/Inform\u00e1cia o&nbsp;z\u00e1veroch rokovania VV VsFZ(24.3.2026)<\/p>\n\n\n\n<p>&nbsp;&nbsp;&nbsp;&nbsp;&nbsp;&nbsp;&nbsp;&nbsp;&nbsp;&nbsp;&nbsp;&nbsp;&nbsp;&nbsp;&nbsp;&nbsp;&nbsp; 4\/Inform\u00e1cia o&nbsp;z\u00e1veroch rokovania porady predsedov ObFZ(24.3.2026)<\/p>\n\n\n\n<p>&nbsp;&nbsp;&nbsp;&nbsp;&nbsp;&nbsp;&nbsp;&nbsp;&nbsp;&nbsp;&nbsp;&nbsp;&nbsp;&nbsp;&nbsp;&nbsp;&nbsp; 5\/Rozpo\u010det SOFZ na rok 2026<\/p>\n\n\n\n<p>&nbsp;&nbsp;&nbsp;&nbsp;&nbsp;&nbsp;&nbsp;&nbsp;&nbsp;&nbsp;&nbsp;&nbsp;&nbsp;&nbsp;&nbsp;&nbsp;&nbsp; 6\/R\u00f4zne<\/p>\n\n\n\n<p>&nbsp;&nbsp;&nbsp;&nbsp;&nbsp;&nbsp;&nbsp;&nbsp;&nbsp;&nbsp;&nbsp;&nbsp;&nbsp;&nbsp;&nbsp;&nbsp;&nbsp; 7\/Z\u00e1ver<\/p>\n\n\n\n<p><strong>K&nbsp;bodu 1<\/strong>\/Otvorenie-zasadnutie otvoril a&nbsp;viedol p. Bedn\u00e1r, predostrel&nbsp; program rokovania &#8211; bez pripomienok schv\u00e1len\u00fd.<\/p>\n\n\n\n<p><strong>K&nbsp;bodu 2<\/strong>\/Kontrola uznesen\u00ed &#8211; previedol&nbsp; p. Bedn\u00e1r<\/p>\n\n\n\n<p>Uznesenia, ktor\u00e9 boli splnen\u00e9: 2\/26, 3\/26, 4\/26<\/p>\n\n\n\n<p>Uznesenie, ktor\u00e9 trv\u00e1 : 2\/16 \u2013 predkladanie vedenia \u00fa\u010dtovn\u00edctva<\/p>\n\n\n\n<p><em><strong>K&nbsp;bodu 3\/<\/strong><\/em> Inform\u00e1cia o&nbsp;z\u00e1veroch rokovania VV VsFZ(24.3.2026)<\/p>\n\n\n\n<p>-informoval predseda SOFZ o&nbsp;zasadnutiach VV VsFZ (PPT projekty ml\u00e1de\u017e \u017eiaci, stanovy VsFZ, rozpo\u010det VsFZ \u2013 dot\u00e1cie pre ObFZ \u2013 kr\u00e1tenie dot\u00e1cii pre ObFZ, term\u00ednov\u00e1 listina s\u00fa\u0165a\u017ei VsFZ pre s\u00fa\u0165a\u017en\u00fd ro\u010dn\u00edk 2026\/2027)<\/p>\n\n\n\n<p><strong>K&nbsp;bodu 4<\/strong>\/ Inform\u00e1cia o&nbsp;z\u00e1veroch rokovania porady predsedov ObFZ(24.3.2026)<\/p>\n\n\n\n<p>-informoval predseda SOFZ o&nbsp;porade predsedov ObFZ \u2013 \u00fa\u010das\u0165 predsedov jednotliv\u00fdch oblastn\u00fdch futbalov\u00fdch zv\u00e4zov v&nbsp;p\u00f4sobnosti VsFZ<\/p>\n\n\n\n<p><strong>K&nbsp;bodu 5\/<\/strong> Rozpo\u010det SOFZ na rok 2026<\/p>\n\n\n\n<p>-n\u00e1vrh rozpo\u010dtu na rok 2026 predlo\u017eil predseda HK SOFZ p. Ivan\u010do \u2013 k&nbsp;rozpo\u010dtu sa vyjadrili \u010dlenovia VV SOFZ p. Toma\u0161ko, Drajna<\/p>\n\n\n\n<p>K&nbsp;tomuto bolo prijat\u00e9 nasleduj\u00face uznesenie:<\/p>\n\n\n\n<p><strong>Uznesenie \u010d.5\/2026<\/strong><\/p>\n\n\n\n<p>VV SOFZ schva\u013euje rozpo\u010det SOFZ na rok 2026 predlo\u017een\u00fd predsedom HK SOFZ p. Ivan\u010dom.&nbsp;<\/p>\n\n\n\n<p>term\u00edn: ihne\u010f&nbsp;&nbsp;&nbsp;&nbsp;&nbsp;&nbsp;&nbsp;&nbsp;&nbsp;&nbsp;&nbsp;&nbsp;&nbsp;&nbsp;&nbsp;&nbsp;&nbsp;&nbsp;&nbsp;&nbsp;&nbsp;&nbsp;&nbsp;&nbsp;&nbsp;&nbsp;&nbsp;&nbsp;&nbsp;&nbsp;&nbsp;&nbsp;&nbsp;&nbsp;&nbsp;&nbsp;&nbsp;&nbsp;&nbsp;&nbsp;&nbsp;&nbsp;&nbsp;&nbsp;&nbsp;&nbsp;&nbsp;&nbsp;&nbsp;&nbsp;&nbsp;&nbsp;&nbsp;&nbsp;&nbsp;&nbsp;&nbsp;&nbsp;&nbsp;&nbsp;&nbsp;&nbsp;&nbsp;&nbsp;&nbsp;&nbsp;&nbsp;&nbsp;&nbsp; zodpo: v texte<\/p>\n\n\n\n<p><em><strong>K&nbsp;bodu 6\/<\/strong><\/em><em>R\u00f4zne<\/em><\/p>\n\n\n\n<p><em>-predseda SOFZ podal inform\u00e1ciu na z\u00e1klade inform\u00e1cie od \u010dlena VV SOFZ p. Neuvirtha oh\u013eadom spolupr\u00e1ce so strednou odbornou \u0161kolou techniky a&nbsp;slu\u017eieb SNV \u2013 spolupr\u00e1ca nebude pokra\u010dova\u0165 \u2013 odstr\u00e1ni\u0165 reklamu zo str\u00e1nky SOFZ<\/em><\/p>\n\n\n\n<p><em>-informoval predseda SOFZ a&nbsp;\u010dlen VV SOFZ p. Toma\u0161ko o&nbsp;s\u00fa\u0165a\u017eiach SOFZ,VII. liga dospel\u00ed \u2013 aby z\u00e1pasy popredn\u00fdch dru\u017estiev VII.L rozhodovali rozhodcovia z&nbsp;vy\u0161\u0161\u00edch s\u00fa\u0165a\u017ei<\/em><\/p>\n\n\n\n<p><em>-informoval predseda SOFZ o&nbsp;projekte firmy Prazdroj \u2013 Asahi \u2013 spolupr\u00e1ca s&nbsp;klubmi SOFZ \u2013 poveruje predsedu SOFZ preveri\u0165 \u010fal\u0161ie detaily spolupr\u00e1ce<\/em><\/p>\n\n\n\n<p><em>K&nbsp;tomto boli prijat\u00e9 nasleduj\u00face uznesenia:<\/em><\/p>\n\n\n\n<p><strong>Uznesenie \u010d.6\/2026<\/strong><\/p>\n\n\n\n<p>VV SOFZ schva\u013euje, \u017ee zasadnutie Rev\u00edznej komisie a&nbsp;Hospod\u00e1rskej komisie SOFZ sa bude kona\u0165 tri kr\u00e1t v&nbsp;roku v&nbsp;mesiacoch febru\u00e1r, j\u00fan, okt\u00f3ber.<\/p>\n\n\n\n<p>term\u00edn: ihne\u010f&nbsp;&nbsp;&nbsp;&nbsp;&nbsp;&nbsp;&nbsp;&nbsp;&nbsp;&nbsp;&nbsp;&nbsp;&nbsp;&nbsp;&nbsp;&nbsp;&nbsp;&nbsp;&nbsp;&nbsp;&nbsp;&nbsp;&nbsp;&nbsp;&nbsp;&nbsp;&nbsp;&nbsp;&nbsp;&nbsp;&nbsp;&nbsp;&nbsp;&nbsp;&nbsp;&nbsp;&nbsp;&nbsp;&nbsp;&nbsp;&nbsp;&nbsp;&nbsp;&nbsp;&nbsp;&nbsp;&nbsp;&nbsp;&nbsp;&nbsp;&nbsp;&nbsp;&nbsp;&nbsp;&nbsp;&nbsp;&nbsp;&nbsp;&nbsp;&nbsp;&nbsp;&nbsp;&nbsp;&nbsp;&nbsp;&nbsp;&nbsp;&nbsp;&nbsp; zodpo: v texte<\/p>\n\n\n\n<p><strong>Uznesenie \u010d.7\/2026<\/strong><\/p>\n\n\n\n<p>VV SOFZ schva\u013euje zak\u00fapenie plakety pre \u010dlena SOFZ k jeho&nbsp;\u017eivotn\u00e9mu jubileu.<\/p>\n\n\n\n<p>term\u00edn: ihne\u010f&nbsp;&nbsp;&nbsp;&nbsp;&nbsp;&nbsp;&nbsp;&nbsp;&nbsp;&nbsp;&nbsp;&nbsp;&nbsp;&nbsp;&nbsp;&nbsp;&nbsp;&nbsp;&nbsp;&nbsp;&nbsp;&nbsp;&nbsp;&nbsp;&nbsp;&nbsp;&nbsp;&nbsp;&nbsp;&nbsp;&nbsp;&nbsp;&nbsp;&nbsp;&nbsp;&nbsp;&nbsp;&nbsp;&nbsp;&nbsp;&nbsp;&nbsp;&nbsp;&nbsp;&nbsp;&nbsp;&nbsp;&nbsp;&nbsp;&nbsp;&nbsp;&nbsp;&nbsp;&nbsp;&nbsp;&nbsp;&nbsp;&nbsp;&nbsp;&nbsp;&nbsp;&nbsp;&nbsp;&nbsp;&nbsp;&nbsp;&nbsp;&nbsp;&nbsp; zodpo: v texte<\/p>\n\n\n\n<p>-d\u0148a 14 \u2013 15.4.2026 prebehlo hlasovanie VV SOFZ per rollam k&nbsp;striedaniu hokejov\u00fdm sp\u00f4sobom v&nbsp;s\u00fa\u0165a\u017eiach SOFZ<\/p>\n\n\n\n<p>K&nbsp;tomuto bolo prijat\u00e9 nasleduj\u00face uznesenie:<\/p>\n\n\n\n<p><strong>Uznesenie \u010d.8\/2026<\/strong><\/p>\n\n\n\n<p>VV SOFZ schva\u013euje d\u0148om 15.04.2026 v stretnutiach ml\u00e1de\u017ee(dorast, \u017eiaci) striedanie hokejov\u00fdm sp\u00f4sobom zo stredu HP. Inform\u00e1cie uvies\u0165 v&nbsp;\u00daS \u0160TK SOFZ.<\/p>\n\n\n\n<p>term\u00edn: ihne\u010f&nbsp;&nbsp;&nbsp;&nbsp;&nbsp;&nbsp;&nbsp;&nbsp;&nbsp;&nbsp;&nbsp;&nbsp;&nbsp;&nbsp;&nbsp;&nbsp;&nbsp;&nbsp;&nbsp;&nbsp;&nbsp;&nbsp;&nbsp;&nbsp;&nbsp;&nbsp;&nbsp;&nbsp;&nbsp;&nbsp;&nbsp;&nbsp;&nbsp;&nbsp;&nbsp;&nbsp;&nbsp;&nbsp;&nbsp;&nbsp;&nbsp;&nbsp;&nbsp;&nbsp;&nbsp;&nbsp;&nbsp;&nbsp;&nbsp;&nbsp;&nbsp;&nbsp;&nbsp;&nbsp;&nbsp;&nbsp;&nbsp;&nbsp;&nbsp;&nbsp;&nbsp;&nbsp;&nbsp;&nbsp;&nbsp;&nbsp;&nbsp;&nbsp;&nbsp; zodpo: v texte<\/p>\n\n\n\n<p><strong>Z\u00e1ver<\/strong> &#8211; predseda SOFZ po\u010fakoval z\u00fa\u010dastnen\u00fdm \u010dlenom VV SOFZ za \u00fa\u010das\u0165 zasadnutie ukon\u010dil. Nasleduj\u00face zasadnutie VV SOFZ sa uskuto\u010dn\u00ed po telefonickom, emailovom dohovore.<\/p>\n\n\n\n<p><strong>D. a&nbsp;H.<\/strong><\/p>\n\n\n\n<p>Zap\u00edsal : J\u00falius Straka&nbsp;&nbsp;&nbsp;&nbsp;&nbsp;&nbsp;&nbsp;&nbsp;&nbsp;&nbsp;&nbsp;&nbsp;&nbsp;&nbsp;&nbsp;&nbsp;&nbsp;&nbsp;&nbsp;&nbsp;&nbsp;&nbsp;&nbsp;&nbsp;&nbsp;&nbsp;&nbsp;&nbsp;&nbsp;&nbsp;&nbsp;&nbsp;&nbsp;&nbsp;&nbsp;&nbsp;&nbsp;&nbsp;&nbsp;&nbsp;&nbsp;&nbsp;&nbsp;&nbsp;&nbsp;&nbsp;&nbsp;&nbsp;&nbsp;&nbsp;&nbsp;&nbsp;&nbsp;&nbsp;&nbsp;&nbsp;&nbsp; Peter Bedn\u00e1r &nbsp;&nbsp;&nbsp;&nbsp;&nbsp;&nbsp;&nbsp;&nbsp;&nbsp;&nbsp;&nbsp;&nbsp;&nbsp;&nbsp; sekret\u00e1r SOFZ&nbsp;&nbsp;&nbsp;&nbsp;&nbsp;&nbsp;&nbsp;&nbsp;&nbsp;&nbsp;&nbsp;&nbsp;&nbsp;&nbsp;&nbsp;&nbsp;&nbsp;&nbsp;&nbsp;&nbsp;&nbsp;&nbsp;&nbsp;&nbsp;&nbsp;&nbsp;&nbsp;&nbsp;&nbsp;&nbsp;&nbsp;&nbsp;&nbsp;&nbsp;&nbsp;&nbsp;&nbsp;&nbsp;&nbsp;&nbsp;&nbsp;&nbsp;&nbsp;&nbsp;&nbsp;&nbsp;&nbsp;&nbsp;&nbsp;&nbsp;&nbsp;&nbsp;&nbsp;&nbsp; predseda SOFZ<\/p>\n","protected":false},"excerpt":{"rendered":"<p>Spi\u0161sk\u00fd oblastn\u00fd futbalov\u00fd zv\u00e4z so s\u00eddlom v&nbsp;Spi\u0161skej Novej Vsi &nbsp;&nbsp;&nbsp;&nbsp;&nbsp;&nbsp;&nbsp;&nbsp;&nbsp;&nbsp;&nbsp;&nbsp;&nbsp;&nbsp;&nbsp;&nbsp;&nbsp;&nbsp;&nbsp;&nbsp;&nbsp;&nbsp;&nbsp;&nbsp;&nbsp;&nbsp;&nbsp;&nbsp;&nbsp;&nbsp;&nbsp;&nbsp;&nbsp;&nbsp;&nbsp;&nbsp;&nbsp;&nbsp;&nbsp;&nbsp;&nbsp;&nbsp;&nbsp;&nbsp;&nbsp;&nbsp;&nbsp;&nbsp;&nbsp;&nbsp;&nbsp;&nbsp;&nbsp;&nbsp;&nbsp;&nbsp;&nbsp;&nbsp;&nbsp;&nbsp;&nbsp;&nbsp;&nbsp;&nbsp;&nbsp;&nbsp;&nbsp;&nbsp;&nbsp;&nbsp;&nbsp;&nbsp;&nbsp;&nbsp;&nbsp;&nbsp;&nbsp;&nbsp;&nbsp;&nbsp;&nbsp;&nbsp;&nbsp;&nbsp;&nbsp;&nbsp;&nbsp;&nbsp;&nbsp;&nbsp;&nbsp;&nbsp;&nbsp; 2.4.2026 Z\u00e1pisnica Zap\u00edsan\u00e1 z&nbsp;riadneho 5.zasadnutia VV SOFZ, ktor\u00e9 sa konalo d\u0148a 1.4.2026 v&nbsp;Spi\u0161skej Novej Vsi. Pr\u00edtomn\u00ed: p. Bedn\u00e1r, Brezovaj, Drajna, Toma\u0161ko Ospravedlnen\u00fd: p. Neuvirth Program: 1\/Otvorenie &nbsp;&nbsp;&nbsp;&nbsp;&nbsp;&nbsp;&nbsp;&nbsp;&nbsp;&nbsp;&nbsp; &nbsp;&nbsp;&nbsp;&nbsp;&nbsp; 2\/Kontrola uznesen\u00ed &nbsp;&nbsp;&nbsp;&nbsp;&nbsp; 3\/Inform\u00e1cia o&nbsp;z\u00e1veroch rokovania VV VsFZ(24.3.2026) &nbsp;&nbsp;&nbsp;&nbsp;&nbsp;&nbsp;&nbsp;&nbsp;&nbsp;&nbsp;&nbsp;&nbsp;&nbsp;&nbsp;&nbsp;&nbsp;&nbsp; 4\/Inform\u00e1cia o&nbsp;z\u00e1veroch rokovania porady predsedov ObFZ(24.3.2026) &nbsp;&nbsp;&nbsp;&nbsp;&nbsp;&nbsp;&nbsp;&nbsp;&nbsp;&nbsp;&nbsp;&nbsp;&nbsp;&nbsp;&nbsp;&nbsp;&nbsp; 5\/Rozpo\u010det&#8230; <\/p>\n","protected":false},"author":2,"featured_media":0,"comment_status":"closed","ping_status":"","sticky":false,"template":"","format":"standard","meta":{"footnotes":""},"categories":[7],"tags":[],"class_list":["post-774","post","type-post","status-publish","format-standard","hentry","category-vvsofz"],"_links":{"self":[{"href":"https:\/\/www.sofz.sk\/index.php?rest_route=\/wp\/v2\/posts\/774","targetHints":{"allow":["GET"]}}],"collection":[{"href":"https:\/\/www.sofz.sk\/index.php?rest_route=\/wp\/v2\/posts"}],"about":[{"href":"https:\/\/www.sofz.sk\/index.php?rest_route=\/wp\/v2\/types\/post"}],"author":[{"embeddable":true,"href":"https:\/\/www.sofz.sk\/index.php?rest_route=\/wp\/v2\/users\/2"}],"replies":[{"embeddable":true,"href":"https:\/\/www.sofz.sk\/index.php?rest_route=%2Fwp%2Fv2%2Fcomments&post=774"}],"version-history":[{"count":1,"href":"https:\/\/www.sofz.sk\/index.php?rest_route=\/wp\/v2\/posts\/774\/revisions"}],"predecessor-version":[{"id":775,"href":"https:\/\/www.sofz.sk\/index.php?rest_route=\/wp\/v2\/posts\/774\/revisions\/775"}],"wp:attachment":[{"href":"https:\/\/www.sofz.sk\/index.php?rest_route=%2Fwp%2Fv2%2Fmedia&parent=774"}],"wp:term":[{"taxonomy":"category","embeddable":true,"href":"https:\/\/www.sofz.sk\/index.php?rest_route=%2Fwp%2Fv2%2Fcategories&post=774"},{"taxonomy":"post_tag","embeddable":true,"href":"https:\/\/www.sofz.sk\/index.php?rest_route=%2Fwp%2Fv2%2Ftags&post=774"}],"curies":[{"name":"wp","href":"https:\/\/api.w.org\/{rel}","templated":true}]}}