{"id":741,"date":"2026-03-30T11:07:54","date_gmt":"2026-03-30T09:07:54","guid":{"rendered":"https:\/\/www.sofz.sk\/?p=741"},"modified":"2026-03-30T11:07:54","modified_gmt":"2026-03-30T09:07:54","slug":"vv-sofz-10-3-2026","status":"publish","type":"post","link":"https:\/\/www.sofz.sk\/?p=741","title":{"rendered":"VV SOFZ 10.3.2026"},"content":{"rendered":"\n<p><strong><u>Spi\u0161sk\u00fd oblastn\u00fd futbalov\u00fd zv\u00e4z so s\u00eddlom v&nbsp;Spi\u0161skej Novej Vsi<\/u><\/strong><\/p>\n\n\n\n<p>&nbsp;&nbsp;&nbsp;&nbsp;&nbsp;&nbsp;&nbsp;&nbsp;&nbsp;&nbsp;&nbsp;&nbsp;&nbsp;&nbsp;&nbsp;&nbsp;&nbsp;&nbsp;&nbsp;&nbsp;&nbsp;&nbsp;&nbsp;&nbsp;&nbsp;&nbsp;&nbsp;&nbsp;&nbsp;&nbsp;&nbsp;&nbsp;&nbsp;&nbsp;&nbsp;&nbsp;&nbsp;&nbsp;&nbsp;&nbsp;&nbsp;&nbsp;&nbsp;&nbsp;&nbsp;&nbsp;&nbsp;&nbsp;&nbsp;&nbsp;&nbsp;&nbsp;&nbsp;&nbsp;&nbsp;&nbsp;&nbsp;&nbsp;&nbsp;&nbsp;&nbsp;&nbsp;&nbsp;&nbsp;&nbsp;&nbsp;&nbsp;&nbsp;&nbsp;&nbsp;&nbsp;&nbsp;&nbsp;&nbsp;&nbsp;&nbsp;&nbsp;&nbsp;&nbsp;&nbsp;&nbsp;&nbsp;&nbsp;&nbsp;&nbsp;&nbsp;&nbsp;&nbsp;&nbsp;&nbsp;&nbsp;&nbsp;&nbsp; 11.3.2026<\/p>\n\n\n\n<p><strong>Z\u00e1pisnica<\/strong><\/p>\n\n\n\n<p>Zap\u00edsan\u00e1 z&nbsp;riadneho 4.zasadnutia VV SOFZ, ktor\u00e9 sa konalo d\u0148a 10.3.2026 v&nbsp;Spi\u0161skej Novej Vsi.<\/p>\n\n\n\n<p><strong>Pr\u00edtomn\u00ed:<\/strong> p. Bedn\u00e1r, Brezovaj, Neuvirth, Drajna, Toma\u0161ko<\/p>\n\n\n\n<p><strong>Program: <\/strong>1\/Otvorenie<\/p>\n\n\n\n<p>&nbsp;&nbsp;&nbsp;&nbsp;&nbsp;&nbsp;&nbsp;&nbsp;&nbsp;&nbsp;&nbsp; &nbsp;&nbsp;&nbsp;&nbsp;&nbsp; 2\/Kontrola uznesen\u00ed<\/p>\n\n\n\n<p><strong>&nbsp;&nbsp;&nbsp;&nbsp;&nbsp; <\/strong>3\/Inform\u00e1cia o&nbsp;zasadnutiach VV VsFZ, stretnutie s&nbsp;prezidentom SFZ<\/p>\n\n\n\n<p>&nbsp;&nbsp;&nbsp;&nbsp;&nbsp;&nbsp;&nbsp;&nbsp;&nbsp;&nbsp;&nbsp;&nbsp;&nbsp;&nbsp;&nbsp;&nbsp;&nbsp; 4\/Inform\u00e1cia o&nbsp;priebehu volebnej konferencie SFZ(27.2.2026)<\/p>\n\n\n\n<p>&nbsp;&nbsp;&nbsp;&nbsp;&nbsp;&nbsp;&nbsp;&nbsp;&nbsp;&nbsp;&nbsp;&nbsp;&nbsp;&nbsp;&nbsp;&nbsp;&nbsp;&nbsp; 5\/ Inform\u00e1cia o&nbsp;priebehu a&nbsp;v\u00fdsledkoch turnajov dospel\u00fdch a&nbsp;\u017eiakov klubov SOFZ(28.2.,1.3.2026)<\/p>\n\n\n\n<p>&nbsp;&nbsp;&nbsp;&nbsp;&nbsp;&nbsp;&nbsp;&nbsp;&nbsp;&nbsp;&nbsp;&nbsp;&nbsp;&nbsp;&nbsp;&nbsp;&nbsp;&nbsp; 6\/Pr\u00edprava semin\u00e1ra rozhodcov SOFZ(13.3.2026)<\/p>\n\n\n\n<p>&nbsp;&nbsp;&nbsp;&nbsp;&nbsp;&nbsp;&nbsp;&nbsp;&nbsp;&nbsp;&nbsp;&nbsp;&nbsp;&nbsp;&nbsp;&nbsp;&nbsp;&nbsp; 7\/Pr\u00edprava akt\u00edvu klubov VII. ligy SOFZ pred za\u010diatkom jarnej \u010dasti s\u00fa\u0165a\u017en\u00e9ho ro\u010dn\u00edka 2025\/2026(20.3.2026)<\/p>\n\n\n\n<p>&nbsp;&nbsp;&nbsp;&nbsp;&nbsp;&nbsp;&nbsp;&nbsp;&nbsp;&nbsp;&nbsp;&nbsp;&nbsp;&nbsp;&nbsp;&nbsp;&nbsp;&nbsp; 8\/Z\u00e1jazd klubov SOFZ na kvalifika\u010dn\u00e9 stretnutie SR \u2013 Kosovo(Bratislava \u2013 26.3:2026)<\/p>\n\n\n\n<p>&nbsp;&nbsp;&nbsp;&nbsp;&nbsp;&nbsp;&nbsp;&nbsp;&nbsp;&nbsp;&nbsp;&nbsp;&nbsp;&nbsp;&nbsp;&nbsp;&nbsp;&nbsp; 9\/Pr\u00edprava na za\u010diatok jarn\u00fdch s\u00fa\u0165a\u017ei riaden\u00fdch SOFZ(financie, stav \u00fa\u010dtu, deleg\u00e1ti v&nbsp;VII. lige SOFZ)<\/p>\n\n\n\n<p>&nbsp;&nbsp;&nbsp;&nbsp;&nbsp;&nbsp;&nbsp;&nbsp;&nbsp;&nbsp;&nbsp;&nbsp;&nbsp;&nbsp;&nbsp;&nbsp;&nbsp;&nbsp; 10\/N\u00e1vrh rozpo\u010dtu na rok 2026&nbsp;&nbsp;<\/p>\n\n\n\n<p>&nbsp;&nbsp;&nbsp;&nbsp;&nbsp;&nbsp;&nbsp;&nbsp;&nbsp;&nbsp;&nbsp;&nbsp;&nbsp;&nbsp;&nbsp;&nbsp;&nbsp;&nbsp; 11\/N\u00e1vrh \u010dlena riadnej konferencie VsFZ<\/p>\n\n\n\n<p>&nbsp;&nbsp;&nbsp;&nbsp;&nbsp;&nbsp;&nbsp;&nbsp;&nbsp;&nbsp;&nbsp;&nbsp;&nbsp;&nbsp;&nbsp;&nbsp;&nbsp;&nbsp; 12\/Diskusia<\/p>\n\n\n\n<p>&nbsp;&nbsp;&nbsp;&nbsp;&nbsp;&nbsp;&nbsp;&nbsp;&nbsp;&nbsp;&nbsp;&nbsp;&nbsp;&nbsp;&nbsp;&nbsp;&nbsp;&nbsp; 13\/Z\u00e1ver<\/p>\n\n\n\n<p><strong>K&nbsp;bodu 1<\/strong>\/Otvorenie-zasadnutie otvoril a&nbsp;viedol p. Bedn\u00e1r, predostrel&nbsp; program rokovania &#8211; bez pripomienok schv\u00e1len\u00fd.<\/p>\n\n\n\n<p><strong>K&nbsp;bodu 2<\/strong>\/Kontrola uznesen\u00ed &#8211; previedol&nbsp; p. Bedn\u00e1r<\/p>\n\n\n\n<p>Uznesenie, ktor\u00e9 bolo splnen\u00e9: 1\/26<\/p>\n\n\n\n<p>Uznesenie, ktor\u00e9 trv\u00e1 : 2\/16 \u2013 predkladanie vedenia \u00fa\u010dtovn\u00edctva<\/p>\n\n\n\n<p><strong>K ostatn\u00fdm&nbsp;bodom programu bolo veden\u00e1 diskusia a&nbsp;prijat\u00e9 nasleduj\u00face uznesenia:<\/strong><\/p>\n\n\n\n<p>-informoval predseda SOFZ o&nbsp;organiz\u00e1cii nasleduj\u00faceho futbalov\u00e9ho plesu, ktor\u00fd sa m\u00e1 uskuto\u010dni\u0165 d\u0148a 6.2.2027 v&nbsp;hoteli Metropol v&nbsp;Spi\u0161skej Novej Vsi.<\/p>\n\n\n\n<p>-informoval predseda SOFZ o&nbsp;zasadnutiach VV VsFZ(v\u00fdbery ml\u00e1de\u017ee, kontrol\u00f3r SFZ, pr\u00edprava KFL, \u0161tat\u00fat odborn\u00fdch komisi\u00ed, vo\u013eby \u010dlenov odborn\u00fdch komisi\u00ed VsFZ)<\/p>\n\n\n\n<p>-informoval predseda SOFZ o&nbsp;volebnej konferencii SFZ<\/p>\n\n\n\n<p>-informoval predseda SOFZ o&nbsp;turnajoch SOFZ(dospel\u00ed, \u017eiaci \u2013 obidve \u0161portov\u00e9 haly v&nbsp;SNV, v\u00fdsledky zverejnen\u00e9 v&nbsp;\u00daS \u0160TK SOFZ)<\/p>\n\n\n\n<p>-informoval predseda SOFZ o&nbsp;organiz\u00e1cii semin\u00e1ra R a&nbsp;DZ SOFZ d\u0148a 13.3.2026 v&nbsp;priestoroch zasada\u010dky M\u00da v&nbsp;Spi\u0161skej Novej Vsi<\/p>\n\n\n\n<p>-informoval predseda SOFZ o&nbsp;pr\u00edprave akt\u00edvu klubov VII. ligy SOFZ d\u0148a 20.3.2026 v&nbsp;priestoroch zasada\u010dky M\u00da v&nbsp;Spi\u0161skej Novej Vsi(jarn\u00e1 \u010das\u0165 s\u00fa\u0165a\u017en\u00e9ho ro\u010dn\u00edka 2025\/2026 bez deleg\u00e1tov)<\/p>\n\n\n\n<p>-informoval predseda SOFZ o&nbsp;z\u00e1jazde SOFZ na kvalifika\u010dn\u00e9 stretnutie d\u0148a 26.3.2026 SK \u2013 Kosovo v&nbsp;Bratislave<\/p>\n\n\n\n<p>-informoval predseda a sekret\u00e1r SOFZ o&nbsp;pr\u00edprave jarnej \u010dasti s\u00fa\u0165a\u017en\u00e9ho ro\u010dn\u00edka 2025\/2026<\/p>\n\n\n\n<p>-informoval predseda SOFZ o&nbsp;rozpo\u010dte SOFZ na rok 2026 \u2013 prebra\u0165 na nasleduj\u00facom zasadnut\u00ed VV SOFZ d\u0148a 1.4.2026 za pr\u00edtomnosti predsedu HK SOFZ p. Ivan\u010da \u2013 podnies\u0165 potrebn\u00e9 inform\u00e1cie o&nbsp;rozpo\u010dte a&nbsp;zapracova\u0165 pripomienky \u010dlenov VV SOFZ<\/p>\n\n\n\n<p>-priklad\u00e1m taktie\u017e inform\u00e1cie z&nbsp;akt\u00edvu klubov VII. ligy SOFZ konan\u00e9ho d\u0148a 20.3.2026 v&nbsp;priestoroch zasada\u010dky M\u00da v&nbsp;Spi\u0161skej Novej Vsi podan\u00e9 predsedom SOFZ :<\/p>\n\n\n\n<ol class=\"wp-block-list\">\n<li>Na stretnutia jarnej \u010dasti s\u00fa\u0165a\u017en\u00e9ho ro\u010dn\u00edka 2025\/2026 VII. Ligy SOFZ nebud\u00fa delegovan\u00ed deleg\u00e1ti zv\u00e4zu a\u017e na v\u00fdnimky, kedy dom\u00e1ci klub \u017eiados\u0165ou, v\u00a0dostato\u010dnom \u010dasovom predstihu, po\u017eiada KR SOFZ o\u00a0delegovanie deleg\u00e1ta zv\u00e4zu a\u00a0deleg\u00e1t zv\u00e4zu nebude v\u00a0tom \u010dase delegovan\u00fd na stretnutie riaden\u00e9 VsFZ<\/li>\n\n\n\n<li>Predseda \u0160TK SOFZ anketou po\u017eiada kluby riaden\u00e9 SOFZ o\u00a0n\u00e1vrhy na roz\u0161\u00edrenie ml\u00e1de\u017en\u00edckych s\u00fa\u0165a\u017e\u00ed o\u00a0kateg\u00f3rie, v\u00a0ktor\u00fdch sa v\u00a0s\u00fa\u0165a\u017enom ro\u010dn\u00edku 2025\/2026 nehrala dlhodob\u00e1 s\u00fa\u0165a\u017e<\/li>\n\n\n\n<li>Predseda \u0160TK po\u017eiada kluby o\u00a0zaslanie menn\u00fdch zoznamov os\u00f4b, ktor\u00e9 maj\u00fa z\u00e1ujem o\u00a0absolvovanie \u0161kolenia za \u00fa\u010delom z\u00edskanie tr\u00e9nerskej licencie UEFA \u201eC\u201c<\/li>\n\n\n\n<li>Futbalov\u00e9 kluby bud\u00fa v\u00a0dostato\u010dnom predstihu nahlasova\u0165 \u010dlenovi VV SOFZ p. Drajnovi jubilantov z\u00a0radov funkcion\u00e1rov ( 50r., 60r., 70r.), ktor\u00fdch by chceli za ich pr\u00ednos pre rozvoj futbalu oceni\u0165<\/li>\n\n\n\n<li>Halov\u00fd turnaj dospel\u00fdch o\u00a0putovn\u00fd poh\u00e1r predsedu SOFZ zorganizova\u0165 v\u00a0mesiaci janu\u00e1r 2027 ( najlep\u0161ie v\u00a0prvej polovici tohto mesiaca )<\/li>\n\n\n\n<li>V\u010faka amnestii, udelenej predsedom SOFZ, v\u0161etci hr\u00e1\u010di tr\u00e9neri a\u00a0\u010dlenovia realiza\u010dn\u00fdch t\u00edmov maj\u00fa anulovan\u00e9 OT-\u017dK, ktor\u00e9 im boli udelen\u00e9 v\u00a0jesennej \u010dasti s\u00fa\u0165. ro\u010dn\u00edka\u00a0 2025\/2026 ( do jarnej \u010dasti nastupuj\u00fa s\u00a0po\u010dtom \u017dK 0 )<\/li>\n\n\n\n<li>Pri vyhotovovan\u00ed Rozpisu s\u00fa\u0165a\u017ee na s\u00fa\u0165a\u017en\u00fd ro\u010dn\u00edk 2026\/2027 pri stretnutiach hran\u00fdch o\u00a010.30 hod. zoh\u013eadni\u0165 vzdialenosti medzi dru\u017estvami<\/li>\n\n\n\n<li>SOFZ zabezpe\u010d\u00ed \u0161kolenie zdravotn\u00edkov dru\u017estiev VII. Ligy SOFZ ( pre tie kluby, ktor\u00e9 nemaj\u00fa zdravotn\u00edkov s\u00a0certifik\u00e1tom )<\/li>\n\n\n\n<li>V\u0161etky z\u00e1pisnice zo zasadnut\u00ed VV SOFZ bud\u00fa v\u00a0zmysle stanov SOFZ zverej\u0148ovan\u00e9 na ofici\u00e1lnom webovom s\u00eddle SOFZ pod samostatnou z\u00e1lo\u017ekou<\/li>\n<\/ol>\n\n\n\n<p><strong>Uznesenie \u010d.2\/2026<\/strong><\/p>\n\n\n\n<p>VV SOFZ schva\u013euje n\u00e1klady na organiz\u00e1ciu 21. ro\u010dn\u00edka turnaja dospel\u00fdch a&nbsp;4. ro\u010dn\u00edka turnaja \u017eiakov organizovan\u00fdch v&nbsp;d\u0148och 28.2.2026 a&nbsp;1.3.2026 v&nbsp;\u0161portov\u00fdch hal\u00e1ch v&nbsp;Spi\u0161skej Novej Vsi.<\/p>\n\n\n\n<p>term\u00edn: ihne\u010f&nbsp;&nbsp;&nbsp;&nbsp;&nbsp;&nbsp;&nbsp;&nbsp;&nbsp;&nbsp;&nbsp;&nbsp;&nbsp;&nbsp;&nbsp;&nbsp;&nbsp;&nbsp;&nbsp;&nbsp;&nbsp;&nbsp;&nbsp;&nbsp; &nbsp;&nbsp;&nbsp;&nbsp;&nbsp;&nbsp;&nbsp;&nbsp;&nbsp;&nbsp;&nbsp;&nbsp;&nbsp;&nbsp;&nbsp;&nbsp;&nbsp;&nbsp;&nbsp;&nbsp;&nbsp;&nbsp;&nbsp;&nbsp;&nbsp;&nbsp;&nbsp;&nbsp;&nbsp;&nbsp;&nbsp;&nbsp;&nbsp;&nbsp;&nbsp;&nbsp;&nbsp;&nbsp;&nbsp;&nbsp;&nbsp;&nbsp;&nbsp;&nbsp;&nbsp;zodpo: v texte<\/p>\n\n\n\n<p><strong>Uznesenie \u010d.3\/2026<\/strong><\/p>\n\n\n\n<p>VV SOFZ schva\u013euje n\u00e1klady na organiz\u00e1ciu semin\u00e1ra R a&nbsp;DZ SOFZ d\u0148a 13.3.2026 v&nbsp;priestoroch zasada\u010dky M\u00da v&nbsp;Spi\u0161skej Novej Vsi .<\/p>\n\n\n\n<p>term\u00edn: ihne\u010f&nbsp;&nbsp;&nbsp;&nbsp;&nbsp;&nbsp;&nbsp;&nbsp;&nbsp;&nbsp;&nbsp;&nbsp;&nbsp;&nbsp;&nbsp;&nbsp;&nbsp;&nbsp;&nbsp;&nbsp;&nbsp;&nbsp;&nbsp;&nbsp;&nbsp;&nbsp;&nbsp;&nbsp;&nbsp;&nbsp;&nbsp;&nbsp;&nbsp;&nbsp;&nbsp;&nbsp; &nbsp;&nbsp;&nbsp;&nbsp;&nbsp;&nbsp;&nbsp;&nbsp;&nbsp;&nbsp;&nbsp;&nbsp;&nbsp;&nbsp;&nbsp;&nbsp;&nbsp;&nbsp;&nbsp;&nbsp;&nbsp;&nbsp;&nbsp;&nbsp;&nbsp;&nbsp;&nbsp;&nbsp;&nbsp;&nbsp;&nbsp;&nbsp;&nbsp;zodpo: v texte<\/p>\n\n\n\n<p><strong>Uznesenie \u010d.4\/2026<\/strong><\/p>\n\n\n\n<p>VV SOFZ schva\u013euje za \u010dlena riadnej konferencie VsFZ p. Neuvirtha.<\/p>\n\n\n\n<p>term\u00edn: ihne\u010f&nbsp;&nbsp;&nbsp;&nbsp;&nbsp;&nbsp;&nbsp;&nbsp;&nbsp;&nbsp;&nbsp;&nbsp;&nbsp;&nbsp;&nbsp;&nbsp;&nbsp;&nbsp;&nbsp;&nbsp;&nbsp;&nbsp;&nbsp;&nbsp;&nbsp;&nbsp;&nbsp;&nbsp;&nbsp;&nbsp;&nbsp;&nbsp;&nbsp;&nbsp;&nbsp;&nbsp;&nbsp;&nbsp;&nbsp;&nbsp;&nbsp;&nbsp;&nbsp;&nbsp;&nbsp;&nbsp;&nbsp;&nbsp;&nbsp;&nbsp;&nbsp;&nbsp;&nbsp;&nbsp;&nbsp;&nbsp;&nbsp;&nbsp;&nbsp;&nbsp;&nbsp;&nbsp;&nbsp;&nbsp;&nbsp;&nbsp;&nbsp;&nbsp;&nbsp; zodpo: v&nbsp;texte<\/p>\n\n\n\n<p><strong>Z\u00e1ver<\/strong> &#8211; predseda SOFZ po\u010fakoval z\u00fa\u010dastnen\u00fdm \u010dlenom VV SOFZ za \u00fa\u010das\u0165 zasadnutie ukon\u010dil. Nasleduj\u00face zasadnutie VV SOFZ 1.4.2026 o&nbsp;16.00 hod. v&nbsp;priestoroch futbalov\u00e9ho \u0161tadi\u00f3na v&nbsp;Spi\u0161skej Novej Vsi.<\/p>\n\n\n\n<p><strong>D. a&nbsp;H.<\/strong><\/p>\n\n\n\n<p>Zap\u00edsal : J\u00falius Straka&nbsp;&nbsp;&nbsp;&nbsp;&nbsp;&nbsp;&nbsp;&nbsp;&nbsp;&nbsp;&nbsp;&nbsp;&nbsp;&nbsp;&nbsp;&nbsp;&nbsp;&nbsp;&nbsp;&nbsp;&nbsp;&nbsp;&nbsp;&nbsp;&nbsp;&nbsp;&nbsp;&nbsp;&nbsp;&nbsp; &nbsp;&nbsp;&nbsp;&nbsp;&nbsp;&nbsp;&nbsp;&nbsp;&nbsp;&nbsp;&nbsp;&nbsp;&nbsp;&nbsp;&nbsp;&nbsp;&nbsp;&nbsp;&nbsp;&nbsp;&nbsp;&nbsp;&nbsp;&nbsp;&nbsp;&nbsp;&nbsp;Peter Bedn\u00e1r<\/p>\n\n\n\n<p>&nbsp;&nbsp;&nbsp;&nbsp;&nbsp;&nbsp;&nbsp;&nbsp;&nbsp;&nbsp;&nbsp;&nbsp;&nbsp;&nbsp; sekret\u00e1r SOFZ&nbsp;&nbsp;&nbsp;&nbsp;&nbsp;&nbsp;&nbsp;&nbsp;&nbsp;&nbsp;&nbsp;&nbsp;&nbsp;&nbsp;&nbsp;&nbsp;&nbsp;&nbsp;&nbsp;&nbsp;&nbsp;&nbsp;&nbsp;&nbsp;&nbsp;&nbsp;&nbsp;&nbsp;&nbsp;&nbsp;&nbsp;&nbsp;&nbsp;&nbsp;&nbsp;&nbsp;&nbsp;&nbsp;&nbsp;&nbsp;&nbsp;&nbsp;&nbsp;&nbsp;&nbsp;&nbsp;&nbsp;&nbsp;&nbsp;&nbsp;&nbsp;&nbsp;&nbsp;&nbsp; predseda SOFZ<\/p>\n","protected":false},"excerpt":{"rendered":"<p>Spi\u0161sk\u00fd oblastn\u00fd futbalov\u00fd zv\u00e4z so s\u00eddlom v&nbsp;Spi\u0161skej Novej Vsi &nbsp;&nbsp;&nbsp;&nbsp;&nbsp;&nbsp;&nbsp;&nbsp;&nbsp;&nbsp;&nbsp;&nbsp;&nbsp;&nbsp;&nbsp;&nbsp;&nbsp;&nbsp;&nbsp;&nbsp;&nbsp;&nbsp;&nbsp;&nbsp;&nbsp;&nbsp;&nbsp;&nbsp;&nbsp;&nbsp;&nbsp;&nbsp;&nbsp;&nbsp;&nbsp;&nbsp;&nbsp;&nbsp;&nbsp;&nbsp;&nbsp;&nbsp;&nbsp;&nbsp;&nbsp;&nbsp;&nbsp;&nbsp;&nbsp;&nbsp;&nbsp;&nbsp;&nbsp;&nbsp;&nbsp;&nbsp;&nbsp;&nbsp;&nbsp;&nbsp;&nbsp;&nbsp;&nbsp;&nbsp;&nbsp;&nbsp;&nbsp;&nbsp;&nbsp;&nbsp;&nbsp;&nbsp;&nbsp;&nbsp;&nbsp;&nbsp;&nbsp;&nbsp;&nbsp;&nbsp;&nbsp;&nbsp;&nbsp;&nbsp;&nbsp;&nbsp;&nbsp;&nbsp;&nbsp;&nbsp;&nbsp;&nbsp;&nbsp; 11.3.2026 Z\u00e1pisnica Zap\u00edsan\u00e1 z&nbsp;riadneho 4.zasadnutia VV SOFZ, ktor\u00e9 sa konalo d\u0148a 10.3.2026 v&nbsp;Spi\u0161skej Novej Vsi. Pr\u00edtomn\u00ed: p. Bedn\u00e1r, Brezovaj, Neuvirth, Drajna, Toma\u0161ko Program: 1\/Otvorenie &nbsp;&nbsp;&nbsp;&nbsp;&nbsp;&nbsp;&nbsp;&nbsp;&nbsp;&nbsp;&nbsp; &nbsp;&nbsp;&nbsp;&nbsp;&nbsp; 2\/Kontrola uznesen\u00ed &nbsp;&nbsp;&nbsp;&nbsp;&nbsp; 3\/Inform\u00e1cia o&nbsp;zasadnutiach VV VsFZ, stretnutie s&nbsp;prezidentom SFZ &nbsp;&nbsp;&nbsp;&nbsp;&nbsp;&nbsp;&nbsp;&nbsp;&nbsp;&nbsp;&nbsp;&nbsp;&nbsp;&nbsp;&nbsp;&nbsp;&nbsp; 4\/Inform\u00e1cia o&nbsp;priebehu volebnej konferencie SFZ(27.2.2026) &nbsp;&nbsp;&nbsp;&nbsp;&nbsp;&nbsp;&nbsp;&nbsp;&nbsp;&nbsp;&nbsp;&nbsp;&nbsp;&nbsp;&nbsp;&nbsp;&nbsp;&nbsp; 5\/ Inform\u00e1cia&#8230; <\/p>\n","protected":false},"author":2,"featured_media":0,"comment_status":"closed","ping_status":"","sticky":false,"template":"","format":"standard","meta":{"footnotes":""},"categories":[7],"tags":[],"class_list":["post-741","post","type-post","status-publish","format-standard","hentry","category-vvsofz"],"_links":{"self":[{"href":"https:\/\/www.sofz.sk\/index.php?rest_route=\/wp\/v2\/posts\/741","targetHints":{"allow":["GET"]}}],"collection":[{"href":"https:\/\/www.sofz.sk\/index.php?rest_route=\/wp\/v2\/posts"}],"about":[{"href":"https:\/\/www.sofz.sk\/index.php?rest_route=\/wp\/v2\/types\/post"}],"author":[{"embeddable":true,"href":"https:\/\/www.sofz.sk\/index.php?rest_route=\/wp\/v2\/users\/2"}],"replies":[{"embeddable":true,"href":"https:\/\/www.sofz.sk\/index.php?rest_route=%2Fwp%2Fv2%2Fcomments&post=741"}],"version-history":[{"count":1,"href":"https:\/\/www.sofz.sk\/index.php?rest_route=\/wp\/v2\/posts\/741\/revisions"}],"predecessor-version":[{"id":742,"href":"https:\/\/www.sofz.sk\/index.php?rest_route=\/wp\/v2\/posts\/741\/revisions\/742"}],"wp:attachment":[{"href":"https:\/\/www.sofz.sk\/index.php?rest_route=%2Fwp%2Fv2%2Fmedia&parent=741"}],"wp:term":[{"taxonomy":"category","embeddable":true,"href":"https:\/\/www.sofz.sk\/index.php?rest_route=%2Fwp%2Fv2%2Fcategories&post=741"},{"taxonomy":"post_tag","embeddable":true,"href":"https:\/\/www.sofz.sk\/index.php?rest_route=%2Fwp%2Fv2%2Ftags&post=741"}],"curies":[{"name":"wp","href":"https:\/\/api.w.org\/{rel}","templated":true}]}}