{"id":735,"date":"2026-03-23T11:38:12","date_gmt":"2026-03-23T10:38:12","guid":{"rendered":"https:\/\/www.sofz.sk\/?p=735"},"modified":"2026-03-23T11:38:12","modified_gmt":"2026-03-23T10:38:12","slug":"vv-sofz-13-1-2026","status":"publish","type":"post","link":"https:\/\/www.sofz.sk\/?p=735","title":{"rendered":"VV SOFZ 13.1.2026"},"content":{"rendered":"\n<p><strong><u>Spi\u0161sk\u00fd oblastn\u00fd futbalov\u00fd zv\u00e4z so s\u00eddlom v&nbsp;Spi\u0161skej Novej Vsi<\/u><\/strong><\/p>\n\n\n\n<p>&nbsp;&nbsp;&nbsp;&nbsp;&nbsp;&nbsp;&nbsp;&nbsp;&nbsp;&nbsp;&nbsp;&nbsp;&nbsp;&nbsp;&nbsp;&nbsp;&nbsp;&nbsp;&nbsp;&nbsp;&nbsp;&nbsp;&nbsp;&nbsp;&nbsp;&nbsp;&nbsp;&nbsp;&nbsp;&nbsp;&nbsp;&nbsp;&nbsp;&nbsp;&nbsp;&nbsp;&nbsp;&nbsp;&nbsp;&nbsp;&nbsp;&nbsp;&nbsp;&nbsp;&nbsp;&nbsp;&nbsp;&nbsp;&nbsp;&nbsp;&nbsp;&nbsp;&nbsp;&nbsp;&nbsp;&nbsp;&nbsp;&nbsp;&nbsp;&nbsp;&nbsp;&nbsp;&nbsp;&nbsp;&nbsp;&nbsp;&nbsp;&nbsp;&nbsp;&nbsp;&nbsp;&nbsp;&nbsp;&nbsp;&nbsp;&nbsp;&nbsp;&nbsp;&nbsp;&nbsp;&nbsp;&nbsp;&nbsp;&nbsp;&nbsp;&nbsp;&nbsp;&nbsp;&nbsp;&nbsp;&nbsp;&nbsp;&nbsp; 13.1.2026<\/p>\n\n\n\n<p><strong>Z\u00e1pisnica<\/strong><\/p>\n\n\n\n<p>Zap\u00edsan\u00e1 z&nbsp;riadneho 3.zasadnutia VV SOFZ, ktor\u00e9 sa konalo d\u0148a 13.1.2026 hlasovan\u00edm per rollam.<\/p>\n\n\n\n<p><strong>Pr\u00edtomn\u00ed:<\/strong> p. Bedn\u00e1r, Brezovaj, Neuvirth, Drajna, Toma\u0161ko<\/p>\n\n\n\n<p><strong>Program: <\/strong>1\/ Schv\u00e1lenie pr\u00edspevku SOFZ na futbalov\u00fd ples v&nbsp;Spi\u0161skej Novej Vsi<\/p>\n\n\n\n<p><strong>K&nbsp;bodu 1<\/strong>\/ Schv\u00e1lenie pr\u00edspevku SOFZ na futbalov\u00fd ples v&nbsp;Spi\u0161skej Novej Vsi<\/p>\n\n\n\n<p>-v\u0161etk\u00fdch \u010dlenov VV SOFZ informoval predseda SOFZ prostredn\u00edctvom emailovej komunik\u00e1cie o&nbsp;poskytnut\u00ed pr\u00edspevku SOFZ na futbalov\u00fd ples v&nbsp;Spi\u0161skej Novej Vsi(vi\u010f. vytla\u010den\u00e1 komunik\u00e1cia \u010dlenmi VV SOFZ)<\/p>\n\n\n\n<p>-taktie\u017e d\u0148a 21.2.2026 prebehla komunik\u00e1cia medzi \u010dlenmi VV SOFZ, kde bola p. Chmurovi za SOFZ vyjadren\u00e1 podpora v&nbsp;kandidat\u00fare na predsedu KR SFZ(volebn\u00e1 konferencia SFZ d\u0148a 27.2.2026) \u2013 vi\u010f. tla\u010divo n\u00e1vrh kandid\u00e1ta<\/p>\n\n\n\n<p><strong>Uznesenie \u010d.1\/2026<\/strong><\/p>\n\n\n\n<p>VV SOFZ schva\u013euje pr\u00edspevok na futbalov\u00fd ples, ktor\u00fd sa uskuto\u010dn\u00ed d\u0148a 7.2.2026 v&nbsp;koncertnej s\u00e1le Reduty v&nbsp;Spi\u0161skej Novej Vsi vo v\u00fd\u0161ke 200\u20ac.<\/p>\n\n\n\n<p>term\u00edn: ihne\u010f&nbsp;&nbsp;&nbsp;&nbsp;&nbsp;&nbsp;&nbsp;&nbsp;&nbsp;&nbsp;&nbsp;&nbsp;&nbsp;&nbsp;&nbsp;&nbsp;&nbsp;&nbsp;&nbsp;&nbsp;&nbsp;&nbsp;&nbsp;&nbsp;&nbsp;&nbsp;&nbsp;&nbsp;&nbsp;&nbsp;&nbsp;&nbsp;&nbsp;&nbsp;&nbsp;&nbsp;&nbsp;&nbsp;&nbsp;&nbsp;&nbsp;&nbsp;&nbsp;&nbsp;&nbsp;&nbsp;&nbsp;&nbsp;&nbsp;&nbsp;&nbsp;&nbsp;&nbsp;&nbsp;&nbsp;&nbsp;&nbsp;&nbsp;&nbsp;&nbsp;&nbsp;&nbsp;&nbsp;&nbsp;&nbsp;&nbsp;&nbsp;&nbsp;&nbsp; zodpo: v texte<\/p>\n\n\n\n<p><strong>D. a&nbsp;H.<\/strong><\/p>\n\n\n\n<p>Zap\u00edsal : J\u00falius Straka&nbsp;&nbsp;&nbsp;&nbsp;&nbsp;&nbsp;&nbsp;&nbsp;&nbsp;&nbsp;&nbsp; &nbsp;&nbsp;&nbsp;&nbsp;&nbsp;&nbsp;&nbsp;&nbsp;&nbsp;&nbsp;&nbsp;&nbsp;&nbsp;&nbsp;&nbsp;&nbsp;&nbsp;&nbsp;&nbsp;&nbsp;&nbsp;&nbsp;&nbsp;&nbsp;&nbsp;&nbsp;&nbsp;&nbsp;&nbsp;&nbsp;&nbsp;&nbsp;&nbsp;&nbsp;&nbsp;&nbsp;&nbsp;&nbsp;&nbsp;&nbsp;&nbsp;&nbsp;&nbsp;&nbsp;&nbsp;&nbsp;Peter Bedn\u00e1r<\/p>\n\n\n\n<p>&nbsp;&nbsp;&nbsp;&nbsp;&nbsp;&nbsp;&nbsp;&nbsp;&nbsp;&nbsp;&nbsp;&nbsp;&nbsp;&nbsp; sekret\u00e1r SOFZ&nbsp;&nbsp;&nbsp;&nbsp;&nbsp;&nbsp;&nbsp;&nbsp;&nbsp;&nbsp;&nbsp;&nbsp;&nbsp;&nbsp;&nbsp;&nbsp;&nbsp;&nbsp;&nbsp;&nbsp;&nbsp;&nbsp;&nbsp;&nbsp;&nbsp;&nbsp;&nbsp;&nbsp;&nbsp;&nbsp;&nbsp;&nbsp;&nbsp;&nbsp;&nbsp;&nbsp;&nbsp;&nbsp;&nbsp;&nbsp;&nbsp;&nbsp;&nbsp;&nbsp;&nbsp;&nbsp;&nbsp;&nbsp;&nbsp;&nbsp;&nbsp;&nbsp;&nbsp;&nbsp; predseda SOFZ<\/p>\n","protected":false},"excerpt":{"rendered":"<p>Spi\u0161sk\u00fd oblastn\u00fd futbalov\u00fd zv\u00e4z so s\u00eddlom v&nbsp;Spi\u0161skej Novej Vsi &nbsp;&nbsp;&nbsp;&nbsp;&nbsp;&nbsp;&nbsp;&nbsp;&nbsp;&nbsp;&nbsp;&nbsp;&nbsp;&nbsp;&nbsp;&nbsp;&nbsp;&nbsp;&nbsp;&nbsp;&nbsp;&nbsp;&nbsp;&nbsp;&nbsp;&nbsp;&nbsp;&nbsp;&nbsp;&nbsp;&nbsp;&nbsp;&nbsp;&nbsp;&nbsp;&nbsp;&nbsp;&nbsp;&nbsp;&nbsp;&nbsp;&nbsp;&nbsp;&nbsp;&nbsp;&nbsp;&nbsp;&nbsp;&nbsp;&nbsp;&nbsp;&nbsp;&nbsp;&nbsp;&nbsp;&nbsp;&nbsp;&nbsp;&nbsp;&nbsp;&nbsp;&nbsp;&nbsp;&nbsp;&nbsp;&nbsp;&nbsp;&nbsp;&nbsp;&nbsp;&nbsp;&nbsp;&nbsp;&nbsp;&nbsp;&nbsp;&nbsp;&nbsp;&nbsp;&nbsp;&nbsp;&nbsp;&nbsp;&nbsp;&nbsp;&nbsp;&nbsp;&nbsp;&nbsp;&nbsp;&nbsp;&nbsp;&nbsp; 13.1.2026 Z\u00e1pisnica Zap\u00edsan\u00e1 z&nbsp;riadneho 3.zasadnutia VV SOFZ, ktor\u00e9 sa konalo d\u0148a 13.1.2026 hlasovan\u00edm per rollam. Pr\u00edtomn\u00ed: p. Bedn\u00e1r, Brezovaj, Neuvirth, Drajna, Toma\u0161ko Program: 1\/ Schv\u00e1lenie pr\u00edspevku SOFZ na futbalov\u00fd ples v&nbsp;Spi\u0161skej Novej Vsi K&nbsp;bodu 1\/ Schv\u00e1lenie pr\u00edspevku SOFZ na futbalov\u00fd ples v&nbsp;Spi\u0161skej Novej Vsi -v\u0161etk\u00fdch&#8230; <\/p>\n","protected":false},"author":2,"featured_media":0,"comment_status":"closed","ping_status":"","sticky":false,"template":"","format":"standard","meta":{"footnotes":""},"categories":[7],"tags":[],"class_list":["post-735","post","type-post","status-publish","format-standard","hentry","category-vvsofz"],"_links":{"self":[{"href":"https:\/\/www.sofz.sk\/index.php?rest_route=\/wp\/v2\/posts\/735","targetHints":{"allow":["GET"]}}],"collection":[{"href":"https:\/\/www.sofz.sk\/index.php?rest_route=\/wp\/v2\/posts"}],"about":[{"href":"https:\/\/www.sofz.sk\/index.php?rest_route=\/wp\/v2\/types\/post"}],"author":[{"embeddable":true,"href":"https:\/\/www.sofz.sk\/index.php?rest_route=\/wp\/v2\/users\/2"}],"replies":[{"embeddable":true,"href":"https:\/\/www.sofz.sk\/index.php?rest_route=%2Fwp%2Fv2%2Fcomments&post=735"}],"version-history":[{"count":1,"href":"https:\/\/www.sofz.sk\/index.php?rest_route=\/wp\/v2\/posts\/735\/revisions"}],"predecessor-version":[{"id":736,"href":"https:\/\/www.sofz.sk\/index.php?rest_route=\/wp\/v2\/posts\/735\/revisions\/736"}],"wp:attachment":[{"href":"https:\/\/www.sofz.sk\/index.php?rest_route=%2Fwp%2Fv2%2Fmedia&parent=735"}],"wp:term":[{"taxonomy":"category","embeddable":true,"href":"https:\/\/www.sofz.sk\/index.php?rest_route=%2Fwp%2Fv2%2Fcategories&post=735"},{"taxonomy":"post_tag","embeddable":true,"href":"https:\/\/www.sofz.sk\/index.php?rest_route=%2Fwp%2Fv2%2Ftags&post=735"}],"curies":[{"name":"wp","href":"https:\/\/api.w.org\/{rel}","templated":true}]}}