{"id":733,"date":"2026-03-23T11:35:20","date_gmt":"2026-03-23T10:35:20","guid":{"rendered":"https:\/\/www.sofz.sk\/?p=733"},"modified":"2026-03-23T11:35:20","modified_gmt":"2026-03-23T10:35:20","slug":"vv-sofz-27-12-2025","status":"publish","type":"post","link":"https:\/\/www.sofz.sk\/?p=733","title":{"rendered":"VV SOFZ 27.12.2025"},"content":{"rendered":"\n<p><strong><u>Spi\u0161sk\u00fd oblastn\u00fd futbalov\u00fd zv\u00e4z so s\u00eddlom v&nbsp;Spi\u0161skej Novej Vsi<\/u><\/strong><\/p>\n\n\n\n<p>&nbsp;&nbsp;&nbsp;&nbsp;&nbsp;&nbsp;&nbsp;&nbsp;&nbsp;&nbsp;&nbsp;&nbsp;&nbsp;&nbsp;&nbsp;&nbsp;&nbsp;&nbsp;&nbsp;&nbsp;&nbsp;&nbsp;&nbsp;&nbsp;&nbsp;&nbsp;&nbsp;&nbsp;&nbsp;&nbsp;&nbsp;&nbsp;&nbsp;&nbsp;&nbsp;&nbsp;&nbsp;&nbsp;&nbsp;&nbsp;&nbsp;&nbsp;&nbsp;&nbsp;&nbsp;&nbsp;&nbsp;&nbsp;&nbsp;&nbsp;&nbsp;&nbsp;&nbsp;&nbsp;&nbsp;&nbsp;&nbsp;&nbsp;&nbsp;&nbsp;&nbsp;&nbsp;&nbsp; &nbsp;&nbsp;&nbsp;&nbsp;&nbsp;&nbsp;&nbsp;&nbsp;&nbsp;&nbsp;&nbsp;&nbsp;&nbsp;&nbsp;&nbsp;&nbsp;&nbsp;&nbsp;&nbsp;&nbsp;&nbsp;&nbsp;&nbsp;&nbsp;&nbsp;&nbsp;&nbsp;&nbsp;&nbsp;&nbsp;29.12.2025<\/p>\n\n\n\n<p><strong>Z\u00e1pisnica<\/strong><\/p>\n\n\n\n<p>Zap\u00edsan\u00e1 z&nbsp;riadneho 2.zasadnutia VV SOFZ, ktor\u00e9 sa konalo d\u0148a 27.12.2025 v&nbsp;Spi\u0161skej Novej Vsi.<\/p>\n\n\n\n<p><strong>Pr\u00edtomn\u00ed:<\/strong> p. Bedn\u00e1r, Brezovaj, Neuvirth, Drajna<\/p>\n\n\n\n<p><strong>Ospravedlnen\u00fd: <\/strong>p. Toma\u0161ko<\/p>\n\n\n\n<p><strong>Program: <\/strong>1\/Otvorenie<\/p>\n\n\n\n<p>&nbsp;&nbsp;&nbsp;&nbsp;&nbsp;&nbsp;&nbsp;&nbsp;&nbsp;&nbsp;&nbsp;&nbsp;&nbsp;&nbsp;&nbsp;&nbsp; 2\/Kontrola uznesen\u00ed<\/p>\n\n\n\n<p>&nbsp;&nbsp;&nbsp;&nbsp;&nbsp;&nbsp;&nbsp;&nbsp;&nbsp;&nbsp;&nbsp;&nbsp;&nbsp;&nbsp;&nbsp;&nbsp; 3\/R\u00f4zne<\/p>\n\n\n\n<p>&nbsp;&nbsp;&nbsp;&nbsp;&nbsp;&nbsp;&nbsp;&nbsp;&nbsp;&nbsp;&nbsp;&nbsp;&nbsp;&nbsp;&nbsp;&nbsp; 4\/\/Z\u00e1ver<\/p>\n\n\n\n<p><strong>K&nbsp;bodu 1<\/strong>\/Otvorenie-zasadnutie otvoril a&nbsp;viedol p. Bedn\u00e1r, predostrel&nbsp; program rokovania &#8211; bez pripomienok schv\u00e1len\u00fd.<\/p>\n\n\n\n<p><strong>K&nbsp;bodu 2<\/strong>\/Kontrola uznesen\u00ed &#8211; previedol&nbsp; p. Bedn\u00e1r<\/p>\n\n\n\n<p>Uznesenia, ktor\u00e9 boli splnen\u00e9: 1\/25<\/p>\n\n\n\n<p>Uznesenie, ktor\u00e9 trv\u00e1 : 2\/16 \u2013 predkladanie vedenia \u00fa\u010dtovn\u00edctva<\/p>\n\n\n\n<p><strong>K&nbsp;bodu 3<\/strong>\/R\u00f4zne \u2013<\/p>\n\n\n\n<p>&#8211; informoval predseda SOFZ o&nbsp;n\u00e1vrhoch na \u010dlenov jednotliv\u00fdch odborn\u00fdch komisi\u00ed SOFZ<\/p>\n\n\n\n<p>&#8211; informoval predseda SOFZ o&nbsp;particip\u00e1cii SOFZ na organiz\u00e1cii Futbalov\u00e9ho plesu<\/p>\n\n\n\n<p>VV SOFZ berie na vedomie inform\u00e1ciu o&nbsp;spolu\u00fa\u010dasti SOFZ na organiz\u00e1cii Futbalov\u00e9ho plesu spolu s&nbsp;FK Spi\u0161sk\u00e1 Nov\u00e1 Ves a&nbsp;Z\u0160 Nejedl\u00e9ho SNV, ktor\u00fd sa uskuto\u010dn\u00ed d\u0148a 7.2.2026 v&nbsp;koncertnej s\u00e1le Reduty v&nbsp;Spi\u0161skej Novej Vsi. N\u00e1le\u017eitosti oh\u013eadom plesu uvies\u0165 v&nbsp;\u00daS SOFZ a&nbsp;taktie\u017e inform\u00e1ciu zasla\u0165 klubom SOFZ prostredn\u00edctvom emailu.&nbsp;<\/p>\n\n\n\n<p>K&nbsp;tomuto bolo prijat\u00e9 nasleduj\u00face uznesenie:<\/p>\n\n\n\n<p><strong>Uznesenie \u010d.2\/2025<\/strong><\/p>\n\n\n\n<p>VV SOFZ schva\u013euje \u010dlenov odborn\u00fdch komisi\u00ed SOFZ:<\/p>\n\n\n\n<p>komisia \u0160TK SOFZ: Radoslav Bobko ml., Jaroslav Baldovsk\u00fd, Radovan Jochman<\/p>\n\n\n\n<p>komisia DK SOFZ: Jozef Keru\u013e, Matej Bedn\u00e1r<\/p>\n\n\n\n<p>komisia KR SOFZ: Michal Gibala, Tom\u00e1\u0161 Hamr\u00e1\u010dek, Juraj Pavl\u00edk<\/p>\n\n\n\n<p>term\u00edn: ihne\u010f&nbsp;&nbsp;&nbsp;&nbsp;&nbsp;&nbsp;&nbsp;&nbsp;&nbsp;&nbsp;&nbsp;&nbsp;&nbsp;&nbsp;&nbsp;&nbsp;&nbsp;&nbsp;&nbsp;&nbsp;&nbsp;&nbsp;&nbsp;&nbsp;&nbsp;&nbsp;&nbsp;&nbsp;&nbsp;&nbsp;&nbsp;&nbsp;&nbsp;&nbsp;&nbsp;&nbsp;&nbsp;&nbsp;&nbsp;&nbsp;&nbsp;&nbsp;&nbsp;&nbsp;&nbsp;&nbsp;&nbsp;&nbsp;&nbsp;&nbsp;&nbsp;&nbsp;&nbsp;&nbsp;&nbsp;&nbsp;&nbsp;&nbsp;&nbsp;&nbsp;&nbsp;&nbsp;&nbsp;&nbsp;&nbsp;&nbsp;&nbsp;&nbsp;&nbsp;&nbsp;&nbsp;&nbsp;&nbsp;&nbsp;&nbsp;&nbsp;&nbsp;&nbsp;&nbsp;&nbsp;&nbsp;&nbsp;&nbsp;&nbsp;&nbsp;&nbsp;&nbsp; zodpo: v&nbsp;texte<\/p>\n\n\n\n<p><strong>K&nbsp;bodu 4\/<\/strong>Z\u00e1ver-predseda SOFZ po\u010fakoval z\u00fa\u010dastnen\u00fdm \u010dlenom VV SOFZ za \u00fa\u010das\u0165 zasadnutie ukon\u010dil. Nasleduj\u00face zasadnutie VV SOFZ sa uskuto\u010dn\u00ed po telefonickom, emailovom dohovore.<\/p>\n\n\n\n<p><strong>D. a&nbsp;H.<\/strong><\/p>\n\n\n\n<p>Zap\u00edsal : J\u00falius Straka&nbsp;&nbsp;&nbsp;&nbsp;&nbsp;&nbsp;&nbsp;&nbsp;&nbsp;&nbsp;&nbsp;&nbsp;&nbsp;&nbsp;&nbsp;&nbsp;&nbsp;&nbsp;&nbsp;&nbsp;&nbsp;&nbsp;&nbsp;&nbsp;&nbsp;&nbsp;&nbsp;&nbsp;&nbsp;&nbsp;&nbsp;&nbsp;&nbsp;&nbsp;&nbsp;&nbsp;&nbsp;&nbsp;&nbsp; &nbsp;&nbsp;&nbsp;&nbsp;&nbsp;&nbsp;&nbsp;&nbsp;&nbsp;&nbsp;&nbsp;&nbsp;&nbsp;&nbsp;&nbsp;&nbsp;&nbsp;&nbsp;Peter Bedn\u00e1r<\/p>\n\n\n\n<p>&nbsp;&nbsp;&nbsp;&nbsp;&nbsp;&nbsp;&nbsp;&nbsp;&nbsp;&nbsp;&nbsp;&nbsp;&nbsp;&nbsp; sekret\u00e1r SOFZ&nbsp;&nbsp;&nbsp;&nbsp;&nbsp;&nbsp;&nbsp;&nbsp;&nbsp;&nbsp;&nbsp;&nbsp;&nbsp;&nbsp;&nbsp;&nbsp;&nbsp;&nbsp;&nbsp;&nbsp;&nbsp;&nbsp;&nbsp;&nbsp;&nbsp;&nbsp;&nbsp;&nbsp;&nbsp;&nbsp;&nbsp;&nbsp;&nbsp;&nbsp;&nbsp; &nbsp;&nbsp;&nbsp;&nbsp;&nbsp;&nbsp;&nbsp;&nbsp;&nbsp;&nbsp;&nbsp;&nbsp;&nbsp;&nbsp;&nbsp;&nbsp;&nbsp;&nbsp;&nbsp;predseda SOFZ<\/p>\n","protected":false},"excerpt":{"rendered":"<p>Spi\u0161sk\u00fd oblastn\u00fd futbalov\u00fd zv\u00e4z so s\u00eddlom v&nbsp;Spi\u0161skej Novej Vsi &nbsp;&nbsp;&nbsp;&nbsp;&nbsp;&nbsp;&nbsp;&nbsp;&nbsp;&nbsp;&nbsp;&nbsp;&nbsp;&nbsp;&nbsp;&nbsp;&nbsp;&nbsp;&nbsp;&nbsp;&nbsp;&nbsp;&nbsp;&nbsp;&nbsp;&nbsp;&nbsp;&nbsp;&nbsp;&nbsp;&nbsp;&nbsp;&nbsp;&nbsp;&nbsp;&nbsp;&nbsp;&nbsp;&nbsp;&nbsp;&nbsp;&nbsp;&nbsp;&nbsp;&nbsp;&nbsp;&nbsp;&nbsp;&nbsp;&nbsp;&nbsp;&nbsp;&nbsp;&nbsp;&nbsp;&nbsp;&nbsp;&nbsp;&nbsp;&nbsp;&nbsp;&nbsp;&nbsp; &nbsp;&nbsp;&nbsp;&nbsp;&nbsp;&nbsp;&nbsp;&nbsp;&nbsp;&nbsp;&nbsp;&nbsp;&nbsp;&nbsp;&nbsp;&nbsp;&nbsp;&nbsp;&nbsp;&nbsp;&nbsp;&nbsp;&nbsp;&nbsp;&nbsp;&nbsp;&nbsp;&nbsp;&nbsp;&nbsp;29.12.2025 Z\u00e1pisnica Zap\u00edsan\u00e1 z&nbsp;riadneho 2.zasadnutia VV SOFZ, ktor\u00e9 sa konalo d\u0148a 27.12.2025 v&nbsp;Spi\u0161skej Novej Vsi. Pr\u00edtomn\u00ed: p. Bedn\u00e1r, Brezovaj, Neuvirth, Drajna Ospravedlnen\u00fd: p. Toma\u0161ko Program: 1\/Otvorenie &nbsp;&nbsp;&nbsp;&nbsp;&nbsp;&nbsp;&nbsp;&nbsp;&nbsp;&nbsp;&nbsp;&nbsp;&nbsp;&nbsp;&nbsp;&nbsp; 2\/Kontrola uznesen\u00ed &nbsp;&nbsp;&nbsp;&nbsp;&nbsp;&nbsp;&nbsp;&nbsp;&nbsp;&nbsp;&nbsp;&nbsp;&nbsp;&nbsp;&nbsp;&nbsp; 3\/R\u00f4zne &nbsp;&nbsp;&nbsp;&nbsp;&nbsp;&nbsp;&nbsp;&nbsp;&nbsp;&nbsp;&nbsp;&nbsp;&nbsp;&nbsp;&nbsp;&nbsp; 4\/\/Z\u00e1ver K&nbsp;bodu 1\/Otvorenie-zasadnutie otvoril a&nbsp;viedol p. Bedn\u00e1r, predostrel&nbsp; program rokovania &#8211; bez pripomienok&#8230; <\/p>\n","protected":false},"author":2,"featured_media":0,"comment_status":"closed","ping_status":"","sticky":false,"template":"","format":"standard","meta":{"footnotes":""},"categories":[7],"tags":[],"class_list":["post-733","post","type-post","status-publish","format-standard","hentry","category-vvsofz"],"_links":{"self":[{"href":"https:\/\/www.sofz.sk\/index.php?rest_route=\/wp\/v2\/posts\/733","targetHints":{"allow":["GET"]}}],"collection":[{"href":"https:\/\/www.sofz.sk\/index.php?rest_route=\/wp\/v2\/posts"}],"about":[{"href":"https:\/\/www.sofz.sk\/index.php?rest_route=\/wp\/v2\/types\/post"}],"author":[{"embeddable":true,"href":"https:\/\/www.sofz.sk\/index.php?rest_route=\/wp\/v2\/users\/2"}],"replies":[{"embeddable":true,"href":"https:\/\/www.sofz.sk\/index.php?rest_route=%2Fwp%2Fv2%2Fcomments&post=733"}],"version-history":[{"count":1,"href":"https:\/\/www.sofz.sk\/index.php?rest_route=\/wp\/v2\/posts\/733\/revisions"}],"predecessor-version":[{"id":734,"href":"https:\/\/www.sofz.sk\/index.php?rest_route=\/wp\/v2\/posts\/733\/revisions\/734"}],"wp:attachment":[{"href":"https:\/\/www.sofz.sk\/index.php?rest_route=%2Fwp%2Fv2%2Fmedia&parent=733"}],"wp:term":[{"taxonomy":"category","embeddable":true,"href":"https:\/\/www.sofz.sk\/index.php?rest_route=%2Fwp%2Fv2%2Fcategories&post=733"},{"taxonomy":"post_tag","embeddable":true,"href":"https:\/\/www.sofz.sk\/index.php?rest_route=%2Fwp%2Fv2%2Ftags&post=733"}],"curies":[{"name":"wp","href":"https:\/\/api.w.org\/{rel}","templated":true}]}}