{"id":659,"date":"2025-11-24T18:57:43","date_gmt":"2025-11-24T17:57:43","guid":{"rendered":"https:\/\/www.sofz.sk\/?p=659"},"modified":"2025-11-26T11:42:20","modified_gmt":"2025-11-26T10:42:20","slug":"uradna-sprava-sofz-c-2224-11-2025","status":"publish","type":"post","link":"https:\/\/www.sofz.sk\/?p=659","title":{"rendered":"\u00daRADN\u00c1 SPR\u00c1VA SOFZ \u010c.22,24.11.2025"},"content":{"rendered":"\n<p><strong><u>Sekretari\u00e1t SOFZ<\/u><\/strong><\/p>\n\n\n\n<p><strong><u>Volebn\u00e1 Konferencia SOFZ sa uskuto\u010dn\u00ed d\u0148a 28.11.2025 (piatok) o 16.30 hod. v priestoroch Gymn\u00e1zia \u0160kolsk\u00e1 7 v Spi\u0161skej Novej Vsi(pri podjazde).<\/u><\/strong><\/p>\n\n\n\n<p><strong><u>Navrhnut\u00ed kandid\u00e1ti na volen\u00e9 funkcie SOFZ:&nbsp;<\/u><\/strong><\/p>\n\n\n\n<p><strong><u>Vo\u013eba predsedu SOFZ na volebn\u00e9 obdobie 2025\/2029:<\/u><\/strong><\/p>\n\n\n\n<p>N\u00e1vrh podal \u010dlen VV SOFZ d\u0148a: 15.11.2025, 21.11.2025, 21.11.2025, MFK Gelnica, 20.11.2025, TJ Ban\u00edk Por\u00e1\u010d, 21.11.2025, TJ Slovan Smi\u017eany, 22.11.2025, O\u0160K Tepli\u010dka, 22.11.2025, FK Spi\u0161sk\u00e1 Nov\u00e1 Ves, 22.11.2025<\/p>\n\n\n\n<ol start=\"1\" class=\"wp-block-list\">\n<li>Peter Bedn\u00e1r st.&nbsp;<\/li>\n\n\n\n<li>Jozef Pavlovsk\u00fd<\/li>\n<\/ol>\n\n\n\n<p><strong><u>Vo\u013eba predsedu Odvolacej komisie SOFZ volebn\u00e9 obdobie 2025\/2029:<\/u><\/strong><\/p>\n\n\n\n<p>N\u00e1vrh podal \u010dlen VV SOFZ d\u0148a: 15.11.2025, 21.11.2025, 21.11.2025<\/p>\n\n\n\n<p>1.Richard Marcin<\/p>\n\n\n\n<p><strong><u>Vo\u013eba predsedu Disciplin\u00e1rnej komisie SOFZ na volebn\u00e9 obdobie 2025\/2029:<\/u><\/strong><\/p>\n\n\n\n<p>N\u00e1vrh podal \u010dlen VV SOFZ d\u0148a:15.11.2025, 21.11.2025, 21.11.2025, MFK Gelnica, 20.11.2025, TJ Slovan Smi\u017eany, 22.11.2025, FK Spi\u0161sk\u00e1 Nov\u00e1 Ves, 22.11.2025<\/p>\n\n\n\n<p>1. Branislav Kro\u010dian<\/p>\n\n\n\n<p><strong><u>\u010clen VV SOFZ za okres SNV na volebn\u00e9 obdobie 2025\/2029:<\/u><\/strong><\/p>\n\n\n\n<p>N\u00e1vrh podal \u010dlen VV SOFZ d\u0148a: 15.11.2025, 21.11.2025, TJ Ban\u00edk Por\u00e1\u010d, 21.11.2025, TJ Slovan Smi\u017eany, 22.11.2025, FK Spi\u0161sk\u00e1 Nov\u00e1 Ves, 22.11.2025<\/p>\n\n\n\n<p>1.Patrik Brezovaj<\/p>\n\n\n\n<p>2.Tom\u00e1\u0161 Cehl\u00e1r&nbsp;<\/p>\n\n\n\n<p>3.D\u00e1vid Farka\u0161ovsk\u00fd<\/p>\n\n\n\n<p>4.Radovan Jochman<br>5.Rastislav Neuvirth&nbsp;&nbsp;<\/p>\n\n\n\n<p><strong><u>\u010clen VV SOFZ za okres Gelnica na volebn\u00e9 obdobie 2025\/2029:<\/u><\/strong><\/p>\n\n\n\n<p>N\u00e1vrh podal \u010dlen VV SOFZ d\u0148a: 11.11.2025, 21.11.2025, MFK Gelnica, 20.11.2025<\/p>\n\n\n\n<ol class=\"wp-block-list\">\n<li>Martin Drajna<\/li>\n\n\n\n<li>Kamil Slebodn\u00edk<\/li>\n\n\n\n<li>Tibor Theis&nbsp;<\/li>\n\n\n\n<li>Du\u0161an Toma\u0161ko<\/li>\n<\/ol>\n\n\n\n<p><strong><u>\u010clen Riadnej Konferencie SOFZ za okres SNV na volebn\u00e9 obdobie 2025\/2029:<\/u><\/strong><\/p>\n\n\n\n<p>N\u00e1vrh podal \u010dlen VV SOFZ d\u0148a: 21.11.2025, 21.11.2025, TJ Ban\u00edk Por\u00e1\u010d, 21.11.2025, TJ Slovan Smi\u017eany, 22.11.2025, O\u0160K Tepli\u010dka, 22.11.2025, FK Spi\u0161sk\u00e1 Nov\u00e1 Ves, 22.11.2025<br><br><\/p>\n\n\n\n<p>1. Radoslav Bobko st.<\/p>\n\n\n\n<p>2. Miloslav \u010cop<br>3. Peter Il\u010din<br>4. Milan Jochman<\/p>\n\n\n\n<p>5. Pavol Macala<\/p>\n\n\n\n<p>6. Miroslav Mlyn\u00e1r<br>7. J\u00e1n Ruman\u010d\u00edk<br>8. \u013dubom\u00edr \u0160irila<\/p>\n\n\n\n<p>9. Ladislav Zekucia<\/p>\n\n\n\n<p><strong><u>\u010clen Riadnej Konferencie SOFZ za okres Gelnica na volebn\u00e9 obdobie 2025\/2029:<\/u><\/strong><\/p>\n\n\n\n<p>N\u00e1vrh podal d\u0148a: MFK Gelnica, 20.11.2025<br>1. Vladim\u00edr Ferenc<br>2. Radoslav Hleba<br>3. Michal Oravec<\/p>\n\n\n\n<p><strong><u>\u010clen Riadnej Konferencie VsFZ za SOFZ na volebn\u00e9 obdobie 2025\/2029:<\/u><\/strong><\/p>\n\n\n\n<p>N\u00e1vrh podal \u010dlen VV SOFZ d\u0148a: 15.11.2025, 21.11.2025, 21.11.2025, MFK Gelnica, 20.11.2025, TJ Slovan Smi\u017eany, 22.11.2025, FK Spi\u0161sk\u00e1 Nov\u00e1 Ves, 22.11.2025&nbsp;<br><br><\/p>\n\n\n\n<ol class=\"wp-block-list\">\n<li>Peter Bedn\u00e1r st.<\/li>\n\n\n\n<li>Radoslav Bobko st.<\/li>\n\n\n\n<li>Tom\u00e1\u0161 Cehl\u00e1r<\/li>\n\n\n\n<li>Jozef Pavlovsk\u00fd<\/li>\n<\/ol>\n\n\n\n<p><strong><u>Okres Gelnica<\/u><\/strong> <\/p>\n\n\n\n<p>1.Michal Oravec<\/p>\n\n\n\n<p>Dovo\u013eujem si V\u00e1m touto cestou pripomen\u00fa\u0165 ukon\u010denie platnosti kreditov (ur\u010den\u00fdch pre eshop, nie delegovan\u00e9 osoby) pre rok 2025. Term\u00edn na posledn\u00e9 objedn\u00e1vky z&nbsp;<a href=\"https:\/\/futbalnet.shop\/\">https:\/\/futbalnet.shop<\/a>&nbsp;je 30.11.2025 do 23:59 hod. Po tomto term\u00edne sa TERAZ platn\u00e9 kredity u\u017e nebud\u00fa da\u0165 pou\u017ei\u0165 a pokia\u013e nechcete aby V\u00e1m prepadli, je potrebn\u00e9 ich do 30.11.2025 do 23:59 hod. pou\u017ei\u0165 na n\u00e1kup tovarov a slu\u017eieb v spom\u00ednanom eshope.<br>Prerozdelenie kreditov n\u00e1jdetete tu:&nbsp;<a href=\"https:\/\/futbalsfz.sk\/2025-prerozdelenie-prispevkov-podla-69-ods-4-pism-a-a-pism-b-zakona-c-4402015-z-z-o-sporte\/\">https:\/\/futbalsfz.sk\/2025-prerozdelenie-prispevkov-podla-69-ods-4-pism-a-a-pism-b-zakona-c-4402015-z-z-o-sporte\/<\/a><br><br>Re\u00e1lne \u010derpanie kreditov na eshop (nie delegovan\u00e9 osoby ml\u00e1de\u017ee) n\u00e1jdete tu:&nbsp;<a href=\"https:\/\/podporamladeze.futbalsfz.sk\/\">https:\/\/podporamladeze.futbalsfz.sk\/<\/a><br><br>Kredity neminut\u00e9 za delegovan\u00e9 osoby ml\u00e1de\u017ee (\u017eiaci, dorast) v roku 2025 bud\u00fa k dispoz\u00edcii, pod\u013ea rozhodnutia Konferencie SFZ, od 1.1.2026 do 28.2.2026, ale len vo v\u00fd\u0161ke nevy\u010derpan\u00e9ho kreditu p\u00f4vodne ur\u010den\u00e9ho na delegovan\u00e9 osoby ml\u00e1de\u017ee. Kredity platn\u00e9 do 30.11.2025 sa NEBUD\u00da pres\u00fava\u0165 do nov\u00e9ho roka. Po z\u00fa\u010dtovan\u00ed re\u00e1lnych n\u00e1kladov bud\u00fa zverejnen\u00e9 vy\u010derpan\u00e9\/nevy\u010derpan\u00e9 kredity na str\u00e1nke&nbsp;<a href=\"https:\/\/futbalsfz.sk\/2025-prerozdelenie-prispevkov-podla-69-ods-4-pism-a-a-pism-b-zakona-c-4402015-z-z-o-sporte\/\">https:\/\/futbalsfz.sk\/2025-prerozdelenie-prispevkov-podla-69-ods-4-pism-a-a-pism-b-zakona-c-4402015-z-z-o-sporte\/<\/a>&nbsp;, kde n\u00e1jdete v\u0161etky potrebn\u00e9 a aktu\u00e1lne inform\u00e1cie.<\/p>\n\n\n\n<p><strong>NOMIN\u00c1CIA HR\u00c1\u010cOV VSFZ U14 na halov\u00fd turnaj Memori\u00e1l Bohdana Benedika v Ko\u0161iciach, v term\u00edne 29.11.2025 &#8211; sobota<\/strong><br>Nominovan\u00ed hr\u00e1\u010di:<br>Gregor Gurtler 1.MFK Ke\u017emarok \u0160imon Marcinko MFK Slovan Sabinov<br>Kristi\u00e1n Ulrich M\u0160K Moldava nad Bodvou Marko Kolar\u010d\u00edk MFK Slovan Sabinov<br>Samuel Mezey 1.MFK Ke\u017emarok Luk\u00e1\u0161 Koz\u00e1k FAMT Pre\u0161ov<br>Nino Stehl\u00edk FK Pokrok Krompachy Filip \u0160vec FAMT Pre\u0161ov<br>Peter Mikita Jano\u010dko Academy Gregor Kore\u010dko Sl\u00e1via TU Ko\u0161ice<br>Jergu\u0161 Hru\u0161ka Jano\u010dko Academy Hugo Dom\u00edk MFK Ro\u017e\u0148ava<br>Martin Pavlovsk\u00fd FK Ko\u0161ick\u00e1 Nov\u00e1 Ves Maro\u0161 Tak\u00e1\u010d Jano\u010dko Academy<br>N\u00e1hradn\u00edci:<br>Martin \u0160im\u00ed\u010dek Jano\u010dko Academy Vladim\u00edr Kova\u013e FK 05 Levo\u010da<br>Maverick O\u2018Brien Jano\u010dko Academy \u0160imon G\u00e1ll PWG Sokol \u013dubotice<br>Samuel Miko Jano\u010dko Academy Dominik Havrila FAMT Pre\u0161ov<br>Mat\u00fa\u0161 Handlovi\u010d Jano\u010dko Academy Krisit\u00e1n \u0160\u010davnick\u00fd FAMT Pre\u0161ov<br>Nikolas Ferenc FAMT Pre\u0161ov Lucas Lentvorsk\u00fd MFK Ro\u017e\u0148ava<br>Zraz hr\u00e1\u010dov je d\u0148a 29.11.2025 (sobota) o 8:00 hod. v mestkej \u0161portovej hale v Ko\u0161iciach (Pri jazdiarni 1, 040 01<br>Ko\u0161ice,). Ukon\u010denie zrazu je pl\u00e1novan\u00e9 na 29.11.2025 (sobota) cca. o 15:00 hod. v mestkej \u0161portovej hale v Ko\u0161iciach<br>(Pri jazdiarni 1, 040 01 Ko\u0161ice,).Hr\u00e1\u010di si so sebou prines\u00fa preukaz poistenca, halov\u00fa obuv,, chr\u00e1ni\u010de, fla\u0161a na<br>pitn\u00fd re\u017eim, hygienick\u00e9 potreby (uter\u00e1k, \u0161lapky). Pr\u00edpadn\u00e9 ospravedlnenie je potrebn\u00e9 okam\u017eite nahl\u00e1si\u0165 telefonicky<br>na tel. \u010d. +421 910 464 552 p. Ondrej Vilner (koordin\u00e1tor PPT a \u0160TM). &#8222;Uvo\u013enen\u00edm die\u0165a\u0165a na zraz rodi\u010dia\/zodpovedn\u00ed<br>z\u00e1stupcovia ber\u00fa na vedomie,\u017ee zodpovedaj\u00fa za zdravotn\u00fd stav die\u0165a\u0165a v \u010dase konania zrazu a s\u00fa si vedom\u00ed skuto\u010dnosti,<br>\u017ee tr\u00e9ner nepreber\u00e1 zodpovednos\u0165 za pr\u00edpadn\u00e9 \u00farazy a in\u00e9 ujmy, ktor\u00e9 sa vyskytn\u00fa bez priameho zavinenia tr\u00e9nera\u201c<br>Realiza\u010dn\u00fd t\u00edm:<br>Koordin\u00e1tor VsFZ Ondrej Vilner Tr\u00e9ner Vladim\u00edr Urban<br>Tr\u00e9ner P\u00e9ter Sz\u00e9nay Lek\u00e1r Bartolomej Magyar<br>Tr\u00e9ner R\u00f3bert \u010cop Ved\u00faci dru\u017estva Anton Repka<\/p>\n","protected":false},"excerpt":{"rendered":"<p>Sekretari\u00e1t SOFZ Volebn\u00e1 Konferencia SOFZ sa uskuto\u010dn\u00ed d\u0148a 28.11.2025 (piatok) o 16.30 hod. v priestoroch Gymn\u00e1zia \u0160kolsk\u00e1 7 v Spi\u0161skej Novej Vsi(pri podjazde). Navrhnut\u00ed kandid\u00e1ti na volen\u00e9 funkcie SOFZ:&nbsp; Vo\u013eba predsedu SOFZ na volebn\u00e9 obdobie 2025\/2029: N\u00e1vrh podal \u010dlen VV SOFZ d\u0148a: 15.11.2025, 21.11.2025, 21.11.2025, MFK Gelnica, 20.11.2025, TJ Ban\u00edk Por\u00e1\u010d, 21.11.2025, TJ Slovan Smi\u017eany,&#8230; <\/p>\n","protected":false},"author":2,"featured_media":0,"comment_status":"closed","ping_status":"","sticky":false,"template":"","format":"standard","meta":{"footnotes":""},"categories":[1],"tags":[],"class_list":["post-659","post","type-post","status-publish","format-standard","hentry","category-uradnespravy"],"_links":{"self":[{"href":"https:\/\/www.sofz.sk\/index.php?rest_route=\/wp\/v2\/posts\/659","targetHints":{"allow":["GET"]}}],"collection":[{"href":"https:\/\/www.sofz.sk\/index.php?rest_route=\/wp\/v2\/posts"}],"about":[{"href":"https:\/\/www.sofz.sk\/index.php?rest_route=\/wp\/v2\/types\/post"}],"author":[{"embeddable":true,"href":"https:\/\/www.sofz.sk\/index.php?rest_route=\/wp\/v2\/users\/2"}],"replies":[{"embeddable":true,"href":"https:\/\/www.sofz.sk\/index.php?rest_route=%2Fwp%2Fv2%2Fcomments&post=659"}],"version-history":[{"count":4,"href":"https:\/\/www.sofz.sk\/index.php?rest_route=\/wp\/v2\/posts\/659\/revisions"}],"predecessor-version":[{"id":665,"href":"https:\/\/www.sofz.sk\/index.php?rest_route=\/wp\/v2\/posts\/659\/revisions\/665"}],"wp:attachment":[{"href":"https:\/\/www.sofz.sk\/index.php?rest_route=%2Fwp%2Fv2%2Fmedia&parent=659"}],"wp:term":[{"taxonomy":"category","embeddable":true,"href":"https:\/\/www.sofz.sk\/index.php?rest_route=%2Fwp%2Fv2%2Fcategories&post=659"},{"taxonomy":"post_tag","embeddable":true,"href":"https:\/\/www.sofz.sk\/index.php?rest_route=%2Fwp%2Fv2%2Ftags&post=659"}],"curies":[{"name":"wp","href":"https:\/\/api.w.org\/{rel}","templated":true}]}}