{"id":55,"date":"2023-08-01T15:53:00","date_gmt":"2023-08-01T13:53:00","guid":{"rendered":"https:\/\/www.sofz.sk\/?p=55"},"modified":"2024-01-15T17:17:39","modified_gmt":"2024-01-15T16:17:39","slug":"uradna-sprava-sofz-c-5-1-8-2023-2","status":"publish","type":"post","link":"https:\/\/www.sofz.sk\/?p=55","title":{"rendered":"\u00daradn\u00e1 spr\u00e1va SOFZ \u010d.5, 1.8.2023"},"content":{"rendered":"\n<p><strong><u>\u00daradn\u00e1 spr\u00e1va SOFZ \u010d.5<\/u><\/strong><\/p>\n\n\n\n<p><strong><u>\u0160TK SOFZ<\/u><\/strong><br><strong>Manu\u00e1l pre vkladanie videoz\u00e1znamov FK na Sportnet &#8211; 7. Liga SOFZ povinnos\u0165 od 1. kola jesennej \u010dasti s\u00fa\u0165a\u017en\u00e9ho ro\u010dn\u00edka 2023\/2024 &#8211; schv\u00e1len\u00e9 Riadnou konferenciou SOFZ d\u0148a 24.6.2023 v Odor\u00edne.<\/strong><\/p>\n\n\n\n<p><a href=\"https:\/\/help.sportnet.online\/videoarchiv-v2\">https:\/\/help.sportnet.online\/videoarchiv-v2<\/a><\/p>\n\n\n\n<p><strong><u>1. \u0160TK schva\u013euje tieto v\u00fdnimky z hrac\u00edch dn\u00ed a hrac\u00edch \u010dasov:<\/u><\/strong><\/p>\n\n\n\n<p>U15 &#8211; A &#8211; 2. kolo: Por\u00e1\u010d &#8211; Smi\u017eany &#8222;B&#8220; d\u0148a 27.08.2023 o 10:30 hod. D\u00f4vod: vz\u00e1jomn\u00e1 dohoda oboch klubov (bez poplatku).<\/p>\n\n\n\n<p><strong><u>2. \u0160TK berie na vedomie<\/u><\/strong> podanie klubu O\u0160K Rud\u0148any cez ISSF syst\u00e9m zo d\u0148a 28.07.2023 (meno, priezvisko a tel. \u010d\u00edslo tr\u00e9nera U11).<\/p>\n\n\n\n<p><strong><u>3. \u0160TK berie na vedomie<\/u><\/strong> podanie klubu TJ Dru\u017estevn\u00edk Odor\u00edn cez ISSF syst\u00e9m zo d\u0148a 30.07.2023 (meno, priezvisko a tel. \u010d\u00edslo tr\u00e9nera U11).<\/p>\n\n\n\n<p><strong>4. \u0160TK naria\u010fuje odohra\u0165:<\/strong><br>1. kolo U11 &#8211; A d\u0148a 29.08.2023 od 10:00 hod. na HP v Harichovciach.<br>2. kolo U11 &#8211; A d\u0148a 01.09.2023 od 09:00 hod. na HP v Odor\u00edne.<\/p>\n\n\n\n<p><strong>U11 &#8211; A<\/strong><br>1. Olcnava<br>2. Odor\u00edn<br>3. Jamn\u00edk<br>4. Harichovce<br>5. Slovinky<\/p>\n\n\n\n<p><strong>Meno, priezvisko a tel. \u010d\u00edslo tr\u00e9nerov U11:<\/strong><br>Olcnava<br>Odor\u00edn &#8211; Martin Krempask\u00fd (0907 649 304)<br>Jamn\u00edk<br>Harichovce<br>Slovinky<br>Hrabu\u0161ice<br>Letanovce<br>Smi\u017eany<br>Ilia\u0161ovce<br>Spi\u0161sk\u00fd Hru\u0161ov<br>Mn\u00ed\u0161ek n\/H<br>Tepli\u010dka<br>SNV &#8222;B&#8220;<br>Rud\u0148any &#8211; D\u00e1vid Farka\u0161ovsk\u00fd (0915 905 815)<\/p>\n\n\n\n<p><strong><u>5. \u0160TK vyz\u00fdva<\/u><\/strong> FK U11 o predkladanie term\u00ednov organizovania turnajov a to v\u00fdhradne cez ISSF syst\u00e9m.<\/p>\n\n\n\n<p><strong>6. \u0160TK op\u00e4tovne \u017eiada<\/strong> FK p\u00f4sobiace v s\u00fa\u0165a\u017eiach kateg\u00f3rie U11 SOFZ o zaslanie kontaktn\u00fdch \u00fadajov a tr\u00e9nerov kateg\u00f3rie U11 (meno, priezvisko a tel. \u010d\u00edslo tr\u00e9nera).<\/p>\n\n\n\n<p><strong><u>7. \u0160TK naria\u010fuje<\/u><\/strong> TJ Spartak Bystrany po\u010dn\u00fac 1. kolom pod disciplin\u00e1rnymi n\u00e1sledkami:<\/p>\n\n\n\n<p>a) nat\u00e1\u010danie videoz\u00e1znamu v s\u00falade s RS (vyv\u00fd\u0161en\u00e1 kryt\u00e1 kovov\u00e1 kon\u0161trukcia) a jeho vkladanie na sportnet (vi\u010f \u00daS \u0160TK \u010d. 5)<br>b) zabezpe\u010denie ohrady s pevn\u00fdm zabradl\u00edm pre bezpe\u010dn\u00fd odchod akt\u00e9rov stretnutia do priestorov \u0161atni<br>O uveden\u00fdch skuto\u010dnostiach podaj\u00fa inform\u00e1ciu DZ (R) v spr\u00e1vach DZ (Z\u00e1znam rozhodcu).<\/p>\n\n\n\n<p><strong><u>8. Najbli\u017e\u0161ie zasadnutie v\u0161etk\u00fdch odborn\u00fdch komisi\u00ed<\/u><\/strong> sa uskuto\u010dn\u00ed 08.08.2023 od 16:00 hod. v priestoroch FK SNV.<\/p>\n\n\n\n<p><strong><u>KR SOFZ<\/u><\/strong><\/p>\n\n\n\n<p><strong><u>Obsadenie R a DZ:<\/u><\/strong><br><strong>VII. liga: 1. kolo (06.08.2023 o 16:30)<\/strong><br>Marku\u0161ovce &#8211; Letanovce (10:30) Cehu\u013ea, Pek\u00e1r, Korko\u0161<br>Margecany &#8211; Ilia\u0161ovce (10:30) Uhr\u00edn, Suche\u0148\u00e1k, Pavl\u00edk J., Kunzo F.<br>Smi\u017eany &#8211; Matejovce n\/H Halula, Chud\u00ed\u010dek, \u0160\u0165astn\u00fd<br>Helcmanovce &#8211; Spartak Bystrany Suche\u0148\u00e1k, Uhr\u00edn, Pavl\u00edk J., Kunzo F.<br>Sp. Hru\u0161ov &#8211; Mn\u00ed\u0161ek n\/H \u010cuj S., Perdu\u013e\u00e1k, Slavkovsk\u00fd O.<br>Slovinky &#8211; Tepli\u010dka Pek\u00e1r, Cehu\u013ea, Korko\u0161, Pavl\u00edk P. &#8211; stretnutie zru\u0161en\u00e9&nbsp;<br>Prakovce &#8211; Sp. Tom\u00e1\u0161ovce \u0160ofranko, Kalick\u00e1, Nehila B.<\/p>\n\n\n\n<p><strong><u>KR d\u00f4razne upozor\u0148uje v\u0161etk\u00fdch DZ<\/u><\/strong>, aby vo svojich spr\u00e1vach uv\u00e1dzali, \u010di bolo stretnutie nat\u00e1\u010dan\u00e9 kamerou a taktie\u017e z ak\u00e9ho miesta bol videoz\u00e1znam sn\u00edman\u00fd.<\/p>\n\n\n\n<p><strong><u>KR oznamuje v\u0161etk\u00fdm R a DZ<\/u><\/strong>, \u017ee od nov\u00e9ho s\u00fa\u0165a\u017en\u00e9ho ro\u010dn\u00edka k n\u00e1m do rozhodcovsk\u00e9ho zboru pribudn\u00fa nasledovn\u00ed R:<\/p>\n\n\n\n<p>Bla\u0161\u010d\u00e1k Mat\u00fa\u0161, Sp. Vlachy<br>\u010carnoky Marko, Odor\u00edn<br>Halula Miroslav, Sp. Hru\u0161ov<br>Hric Jakub, Sp. Vlachy<br>Luk\u00e1\u010d Peter, SNV<br>Mihalikov\u00e1 Henrieta, Gelnica<br>Pecha Sebasti\u00e1n, Bystrany<\/p>\n\n\n\n<p><strong><u>Zmeny v obsaden\u00ed R a DZ:<\/u><\/strong><br><strong>VII. liga: 1. kolo (06.08.2023 o 16:30)<\/strong><br>Marku\u0161ovce &#8211; Letanovce (10:30) Ko\u0148ak (AR2) za Korko\u0161a, Kotrady ako DZ<br>Margecany &#8211; Ilia\u0161ovce (10:30) Jartys (AR2) za Pavl\u00edka J.<br>Smi\u017eany &#8211; Matejovce n\/H Kotrady ako DZ<br>Helcmanovce &#8211; Spartak Bystrany Jartys (AR2) za Pavl\u00edka J.<br>Prakovce &#8211; Sp. Tom\u00e1\u0161ovce Koval\u010d\u00edk (AR1) za Kalick\u00fa<\/p>\n","protected":false},"excerpt":{"rendered":"<p>\u00daradn\u00e1 spr\u00e1va SOFZ \u010d.5 \u0160TK SOFZManu\u00e1l pre vkladanie videoz\u00e1znamov FK na Sportnet &#8211; 7. Liga SOFZ povinnos\u0165 od 1. kola jesennej \u010dasti s\u00fa\u0165a\u017en\u00e9ho ro\u010dn\u00edka 2023\/2024 &#8211; schv\u00e1len\u00e9 Riadnou konferenciou SOFZ d\u0148a 24.6.2023 v Odor\u00edne. https:\/\/help.sportnet.online\/videoarchiv-v2 1. \u0160TK schva\u013euje tieto v\u00fdnimky z hrac\u00edch dn\u00ed a hrac\u00edch \u010dasov: U15 &#8211; A &#8211; 2. kolo: Por\u00e1\u010d &#8211; Smi\u017eany&#8230; <\/p>\n","protected":false},"author":2,"featured_media":0,"comment_status":"closed","ping_status":"","sticky":false,"template":"","format":"standard","meta":{"footnotes":""},"categories":[1],"tags":[],"class_list":["post-55","post","type-post","status-publish","format-standard","hentry","category-uradnespravy"],"_links":{"self":[{"href":"https:\/\/www.sofz.sk\/index.php?rest_route=\/wp\/v2\/posts\/55","targetHints":{"allow":["GET"]}}],"collection":[{"href":"https:\/\/www.sofz.sk\/index.php?rest_route=\/wp\/v2\/posts"}],"about":[{"href":"https:\/\/www.sofz.sk\/index.php?rest_route=\/wp\/v2\/types\/post"}],"author":[{"embeddable":true,"href":"https:\/\/www.sofz.sk\/index.php?rest_route=\/wp\/v2\/users\/2"}],"replies":[{"embeddable":true,"href":"https:\/\/www.sofz.sk\/index.php?rest_route=%2Fwp%2Fv2%2Fcomments&post=55"}],"version-history":[{"count":1,"href":"https:\/\/www.sofz.sk\/index.php?rest_route=\/wp\/v2\/posts\/55\/revisions"}],"predecessor-version":[{"id":56,"href":"https:\/\/www.sofz.sk\/index.php?rest_route=\/wp\/v2\/posts\/55\/revisions\/56"}],"wp:attachment":[{"href":"https:\/\/www.sofz.sk\/index.php?rest_route=%2Fwp%2Fv2%2Fmedia&parent=55"}],"wp:term":[{"taxonomy":"category","embeddable":true,"href":"https:\/\/www.sofz.sk\/index.php?rest_route=%2Fwp%2Fv2%2Fcategories&post=55"},{"taxonomy":"post_tag","embeddable":true,"href":"https:\/\/www.sofz.sk\/index.php?rest_route=%2Fwp%2Fv2%2Ftags&post=55"}],"curies":[{"name":"wp","href":"https:\/\/api.w.org\/{rel}","templated":true}]}}