{"id":50,"date":"2023-07-27T15:50:00","date_gmt":"2023-07-27T13:50:00","guid":{"rendered":"https:\/\/www.sofz.sk\/?p=50"},"modified":"2024-01-15T17:17:14","modified_gmt":"2024-01-15T16:17:14","slug":"uradna-sprava-sofz-c-5-1-8-2023","status":"publish","type":"post","link":"https:\/\/www.sofz.sk\/?p=50","title":{"rendered":"\u00daradn\u00e1 spr\u00e1va SOFZ \u010d.4, 27.7.2023"},"content":{"rendered":"\n<p><strong><u>\u00daradn\u00e1 spr\u00e1va SOFZ \u010d.4<\/u><\/strong><\/p>\n\n\n\n<p><strong><u>\u0160TK SOFZ<\/u><\/strong><\/p>\n\n\n\n<p><strong><u>Manu\u00e1l pre vkladanie videoz\u00e1znamov FK na Sportnet &#8211; 7. Liga SOFZ povinnos\u0165 od 1. kola jesennej \u010dasti s\u00fa\u0165a\u017en\u00e9ho ro\u010dn\u00edka 2023\/2024 &#8211; schv\u00e1len\u00e9 Riadnou konferenciou SOFZ d\u0148a 24.6.2023 v Odor\u00edne.<\/u><\/strong>&nbsp;<\/p>\n\n\n\n<p><a href=\"https:\/\/help.sportnet.online\/videoarchiv-v2\">https:\/\/help.sportnet.online\/videoarchiv-v2<\/a><\/p>\n\n\n\n<p><strong><u>1. \u0160TK schva\u013euje tieto v\u00fdnimky z hrac\u00edch dn\u00ed a hrac\u00edch \u010dasov:<\/u><\/strong><\/p>\n\n\n\n<p>VII. liga &#8211; 9. kolo: Margecany &#8211; Marku\u0161ovce d\u0148a 01.10.2023 o 14:30 hod. na HP v Marku\u0161ovciach a stretnutie VII. ligy &#8211; 24. kola: Marku\u0161ovce &#8211; Margecany d\u0148a 08.05.2024 o 16:30 hod. na HP v Margecanoch. D\u00f4vod: vz\u00e1jomn\u00e1 dohoda oboch klubov (bez poplatku).<br><strong><u>2. \u0160TK naria\u010fuje odohra\u0165:<\/u><\/strong><br>1. kolo U11 &#8211; A d\u0148a 01.09.2023 od 09:00 hod. na HP v Odor\u00edne.<\/p>\n\n\n\n<p><strong><u>U11 &#8211; A<\/u><\/strong><br>1. Olcnava<br>2. Odor\u00edn<br>3. Jamn\u00edk<br>4. Harichovce<br>5. Slovinky<\/p>\n\n\n\n<p><strong><u>3. \u0160TK vyz\u00fdva <\/u><\/strong>FK U11 o predkladanie term\u00ednov organizovania turnajov a to v\u00fdhradne cez ISSF syst\u00e9m.<br><strong><u>4. \u0160TK \u017eiada <\/u><\/strong>FK p\u00f4sobiace v s\u00fa\u0165a\u017eiach kateg\u00f3rie U11 SOFZ o zaslanie kontaktn\u00fdch \u00fadajov a tr\u00e9nerov kateg\u00f3rie U11 (meno, priezvisko a tel. \u010d\u00edslo tr\u00e9nera).<\/p>\n","protected":false},"excerpt":{"rendered":"<p>\u00daradn\u00e1 spr\u00e1va SOFZ \u010d.4 \u0160TK SOFZ Manu\u00e1l pre vkladanie videoz\u00e1znamov FK na Sportnet &#8211; 7. Liga SOFZ povinnos\u0165 od 1. kola jesennej \u010dasti s\u00fa\u0165a\u017en\u00e9ho ro\u010dn\u00edka 2023\/2024 &#8211; schv\u00e1len\u00e9 Riadnou konferenciou SOFZ d\u0148a 24.6.2023 v Odor\u00edne.&nbsp; https:\/\/help.sportnet.online\/videoarchiv-v2 1. \u0160TK schva\u013euje tieto v\u00fdnimky z hrac\u00edch dn\u00ed a hrac\u00edch \u010dasov: VII. liga &#8211; 9. kolo: Margecany &#8211; Marku\u0161ovce&#8230; <\/p>\n","protected":false},"author":2,"featured_media":0,"comment_status":"closed","ping_status":"","sticky":false,"template":"","format":"standard","meta":{"footnotes":""},"categories":[1],"tags":[],"class_list":["post-50","post","type-post","status-publish","format-standard","hentry","category-uradnespravy"],"_links":{"self":[{"href":"https:\/\/www.sofz.sk\/index.php?rest_route=\/wp\/v2\/posts\/50","targetHints":{"allow":["GET"]}}],"collection":[{"href":"https:\/\/www.sofz.sk\/index.php?rest_route=\/wp\/v2\/posts"}],"about":[{"href":"https:\/\/www.sofz.sk\/index.php?rest_route=\/wp\/v2\/types\/post"}],"author":[{"embeddable":true,"href":"https:\/\/www.sofz.sk\/index.php?rest_route=\/wp\/v2\/users\/2"}],"replies":[{"embeddable":true,"href":"https:\/\/www.sofz.sk\/index.php?rest_route=%2Fwp%2Fv2%2Fcomments&post=50"}],"version-history":[{"count":2,"href":"https:\/\/www.sofz.sk\/index.php?rest_route=\/wp\/v2\/posts\/50\/revisions"}],"predecessor-version":[{"id":54,"href":"https:\/\/www.sofz.sk\/index.php?rest_route=\/wp\/v2\/posts\/50\/revisions\/54"}],"wp:attachment":[{"href":"https:\/\/www.sofz.sk\/index.php?rest_route=%2Fwp%2Fv2%2Fmedia&parent=50"}],"wp:term":[{"taxonomy":"category","embeddable":true,"href":"https:\/\/www.sofz.sk\/index.php?rest_route=%2Fwp%2Fv2%2Fcategories&post=50"},{"taxonomy":"post_tag","embeddable":true,"href":"https:\/\/www.sofz.sk\/index.php?rest_route=%2Fwp%2Fv2%2Ftags&post=50"}],"curies":[{"name":"wp","href":"https:\/\/api.w.org\/{rel}","templated":true}]}}