{"id":490,"date":"2025-05-09T11:18:41","date_gmt":"2025-05-09T09:18:41","guid":{"rendered":"https:\/\/www.sofz.sk\/?p=490"},"modified":"2025-05-09T11:18:41","modified_gmt":"2025-05-09T09:18:41","slug":"uradna-sprava-sofz-c-419-5-2025","status":"publish","type":"post","link":"https:\/\/www.sofz.sk\/?p=490","title":{"rendered":"\u00daRADN\u00c1 SPR\u00c1VA SOFZ \u010c.41,9.5.2025"},"content":{"rendered":"\n<p><strong>NOMIN\u00c1CIA\u2013 PPT PROJEKT ObFZ Spi\u0161sk\u00e1 Nov\u00e1 Ves<\/strong><strong><\/strong><\/p>\n\n\n\n<p>v&nbsp;Krompachoch, v term\u00edne 13.05.2025<\/p>\n\n\n\n<p><strong><u>Hr\u00e1\u010di U12<\/u><\/strong><\/p>\n\n\n\n<figure class=\"wp-block-table\"><table class=\"has-fixed-layout\"><tbody><tr><td><a><strong>Richard Pribi\u010dko<\/strong><\/a><\/td><td>FK Pokrok Krompachy<\/td><td><strong>J\u00e1n \u0160ab\u013ea<\/strong><\/td><td>OTJ Jamn\u00edk<\/td><\/tr><tr><td><a><strong>Samuel Sopkovi\u010d<\/strong><\/a><\/td><td><a>FK Pokrok Krompachy<\/a><\/td><td><strong>Alex Ruman<\/strong><\/td><td>OTJ Jamn\u00edk<\/td><\/tr><tr><td><a><strong>Tobias Verba<\/strong><\/a><\/td><td>FK Pokrok Krompachy<\/td><td><strong>Simon Bobula<\/strong><\/td><td>M\u0160K Spi\u0161sk\u00e9 Podhradie<\/td><\/tr><tr><td><a><strong>Dami\u00e1n Baloga<\/strong><\/a><\/td><td>FK Pokrok Krompachy<\/td><td><strong>Peter Jakubec<\/strong><\/td><td><a>TJ Slovan Smi\u017eany<\/a><\/td><\/tr><tr><td><strong>Oliver Vadel<\/strong><\/td><td>\u0160K Harichovce<\/td><td><strong>Lucas Kamenza<\/strong><\/td><td>MFK Gelnica<\/td><\/tr><tr><td><strong>Kamil \u0160trauch<\/strong><\/td><td>OTJ Jamn\u00edk<\/td><td><strong>Peter Nov\u00e1k<\/strong><strong><\/strong><\/td><td>O\u0160K Spi\u0161sk\u00fd \u0160tvrtok<\/td><\/tr><\/tbody><\/table><\/figure>\n\n\n\n<p><strong><u>Hr\u00e1\u010di U13<\/u><\/strong><\/p>\n\n\n\n<figure class=\"wp-block-table\"><table class=\"has-fixed-layout\"><tbody><tr><td><a><strong>\u0160imon Kandra<\/strong><\/a><\/td><td>FK Pokrok Krompachy<\/td><td><strong>Maximili\u00e1n \u010cuj<\/strong><\/td><td>OTJ Jamn\u00edk<\/td><\/tr><tr><td><strong>Nino Stehl\u00edk<\/strong><\/td><td><a>FK Pokrok Krompachy<\/a><\/td><td><strong>Oliver Dobransk\u00fd<\/strong><\/td><td>OTJ Jamn\u00edk<\/td><\/tr><tr><td><a><strong>Samuel Pavl\u00edk<\/strong><\/a><\/td><td><a>FK Pokrok Krompachy<\/a><\/td><td><strong>Tom\u00e1\u0161 Siv\u00e1k<\/strong><\/td><td>M\u0160K Spi\u0161sk\u00e9 Podhradie<\/td><\/tr><tr><td><a><strong>D\u00e1vid M\u00fadry<\/strong><\/a><\/td><td>FK Pokrok Krompachy<\/td><td><strong>Ale\u0161 Maguth<\/strong><\/td><td>TJ Slovan Smi\u017eany<\/td><\/tr><tr><td><a><strong>Martin Strme\u0148<\/strong><\/a><\/td><td>\u0160K Harichovce<\/td><td><strong>Timotej Kova\u013e<\/strong><strong><\/strong><\/td><td>MFK Gelnica<\/td><\/tr><tr><td><strong>Tobias Comba<\/strong><\/td><td>\u0160K Harichovce<\/td><td><strong>Ammar Cilovi\u010d<\/strong><\/td><td>MFK Gelnica<\/td><\/tr><tr><td><strong>Mat\u00fa\u0161 Majzel<\/strong><\/td><td><a>\u0160K Harichovce<\/a><\/td><td><strong>Adam Zajonc<\/strong><\/td><td>O\u0160K Spi\u0161sk\u00fd \u0160tvrtok<\/td><\/tr><\/tbody><\/table><\/figure>\n\n\n\n<p><strong><u>Hr\u00e1\u010di U14<\/u><\/strong><\/p>\n\n\n\n<figure class=\"wp-block-table\"><table class=\"has-fixed-layout\"><tbody><tr><td><a><strong>Martin Varga<\/strong><\/a><strong><\/strong><\/td><td><a>FK Pokrok Krompachy<\/a><\/td><td><strong>Mari\u00e1n Nov\u00e1k<\/strong><strong><\/strong><\/td><td><a>\u0160K Harichovce<\/a><\/td><\/tr><tr><td><strong>Kevin Pella<\/strong><strong><\/strong><\/td><td>FK Pokrok Krompachy<\/td><td><strong>Joachim \u0160mihu\u013ea<\/strong><strong><\/strong><\/td><td>M\u0160K Spi\u0161sk\u00e9 Podhradie<\/td><\/tr><tr><td><strong>Simon \u010ciasnoha<\/strong><strong><\/strong><\/td><td>FK Pokrok Krompachy<\/td><td><strong>Filip Mol\u010dan<\/strong><strong><\/strong><\/td><td><a>M\u0160K Spi\u0161sk\u00e9 Podhradie<\/a><\/td><\/tr><tr><td><strong>Dalibor Mario Pecha<\/strong><strong><\/strong><\/td><td>TJ Slovan Smi\u017eany<\/td><td><strong>Samuel Ko\u0148ak<\/strong><strong><\/strong><\/td><td>M\u0160K Spi\u0161sk\u00e9 Podhradie<\/td><\/tr><tr><td><strong>R\u00f3bert Kop\u0165\u00e1r<\/strong><strong><\/strong><\/td><td><a>TJ Slovan Smi\u017eany<\/a><\/td><td><strong>Samuel Bend\u00edk<\/strong><strong><\/strong><\/td><td><a>OTJ Jamn\u00edk<\/a><\/td><\/tr><tr><td><strong>Adri\u00e1n Kubi\u010d\u00e1r<\/strong><strong><\/strong><\/td><td>TJ Slovan Smi\u017eany<\/td><td><strong>Michal Chabada<\/strong><strong><\/strong><\/td><td>OTJ Jamn\u00edk<\/td><\/tr><tr><td><strong>Juraj Mikula<\/strong><strong><\/strong><\/td><td>FK Pokrok Krompachy<\/td><td><strong>Patrik Fifik<\/strong><\/td><td>OTJ Jamn\u00edk<\/td><\/tr><tr><td><strong>Martin Cehu\u013ea<\/strong><strong><\/strong><\/td><td>O\u0160K Spi\u0161sk\u00fd \u0160tvrtok<\/td><td><strong>Sebasti\u00e1n Rusn\u00e1k<\/strong><strong><\/strong><\/td><td><a>O\u0160K Spi\u0161sk\u00fd \u0160tvrtok<\/a><\/td><\/tr><\/tbody><\/table><\/figure>\n\n\n\n<p><strong>Realiza\u010dn\u00fd<\/strong><strong>&nbsp;t\u00edm<\/strong><\/p>\n\n\n\n<figure class=\"wp-block-table\"><table class=\"has-fixed-layout\"><tbody><tr><td><strong>Tr\u00e9ner U12<\/strong><\/td><td><strong>Ing. Tom\u00e1\u0161 Ontko<\/strong><\/td><td><strong>Tr\u00e9ner U14<\/strong><\/td><td><strong>PaedDr. Ren\u00e9 Rodzik<\/strong><\/td><\/tr><tr><td><strong>Tr\u00e9ner U13<\/strong><\/td><td><strong>Ing. \u013dubo\u0161 Ontko ml.<\/strong><\/td><td><strong>Koordin\u00e1tor PPT SFZ<\/strong><\/td><td>Ondrej Vilner<\/td><\/tr><\/tbody><\/table><\/figure>\n\n\n\n<p>Zraz hr\u00e1\u010dov je d\u0148a&nbsp;<strong>13.05.2025 (utorok) o&nbsp;15:30 hod.<\/strong>&nbsp;Ulica SNP 2423, 05342 Krompachy. Ukon\u010denie zrazu je pl\u00e1novan\u00e9 na&nbsp;<strong>13.05.2025 (utorok) cca. o&nbsp;17:15 hod.&nbsp;<\/strong>Ulica SNP 2423, Krompachy&nbsp; 053 42.&nbsp;<strong>Hr\u00e1\u010di si so sebou prines\u00fa preukaz poistenca, obuv vhodn\u00fa na pr\u00edrodn\u00fa plochu, tr\u00e9ningov\u00fa v\u00fdstroj, hygienick\u00e9 potreby (uter\u00e1k, \u0161lapky).<\/strong>&nbsp;Pr\u00edpadn\u00e9 ospravedlnenie je potrebn\u00e9 okam\u017eite nahl\u00e1si\u0165 telefonicky na tel. +421902 290&nbsp;567 p.<strong>Ing. Tom\u00e1\u0161 Ontko&nbsp;<\/strong>&nbsp;(hlavn\u00fd tr\u00e9nerprojektu pre ObFZ Spi\u0161sk\u00e1 Nov\u00e1 Ves).<\/p>\n\n\n\n<p><strong><u>DK SOFZ<\/u><\/strong><\/p>\n\n\n\n<p><strong><u>I. ROZHODNUTIA DK SOFZ:<\/u><\/strong><\/p>\n\n\n\n<p><strong>Vyl\u00fa\u010denie po \u010cK &#8211; <\/strong>disciplin\u00e1rna sankcia (\u010falej len \u201eDS\u201c) \u2013 pozastavenie v\u00fdkonu \u0161portu alebo akejko\u013evek funkcie:<\/p>\n\n\n\n<p><strong>U117: Dominik Chrom\u00fd <\/strong>(1286877, TJ Spartak Bystrany; VII. L)<strong> &#8211; vyl\u00fa\u010den\u00fd za HNS vo\u010di delegovanej osobe na hracej ploche, v ur\u010den\u00fdch priestoroch alebo are\u00e1li \u0161tadi\u00f3na pod\u013ea \u010dl. 48\/1c DP <\/strong>(pou\u017eitie ur\u00e1\u017eliv\u00e9ho a poni\u017euj\u00faceho v\u00fdroku vo\u010di R na HP a&nbsp;po vyl\u00fa\u010den\u00ed vyhr\u00e1\u017eky vo\u010di R)<strong> &#8211; <\/strong>DS: <strong>pozastavenie v\u00fdkonu \u0161portu na 3 t\u00fd\u017edne <\/strong>pod\u013ea \u010dl. 48\/2b DP od 8.5.2025 do 29.,5.2025 \/\/ 10.- \u20ac<\/p>\n\n\n\n<p><strong>Vyl\u00fa\u010denie po 2. \u017dK<\/strong> \u2013 pozastavenie v\u00fdkonu \u0161portu alebo akejko\u013evek funkcie na 1 s\u00fa\u0165a\u017en\u00e9 stretnutie pod\u013ea \u010dl. 37\/3 DP:<\/p>\n\n\n\n<p><strong>U118: Tom\u00e1\u0161 Kolarik <\/strong>(1353584, O\u0160K Slovinky; VII. L)&nbsp; \u2013 od 9.5.2025 \/\/ 10,- \u20ac<\/p>\n\n\n\n<p><strong>U119: Martin Ordzovensk\u00fd <\/strong>(1205010, FK 56 Ilia\u0161ovce; VII. L)&nbsp; \u2013 od 9.5.2025 \/\/ 10,- \u20ac<\/p>\n\n\n\n<p><strong>DS po 5. \u017dK<\/strong> \u2013 pozastavenie v\u00fdkonu \u0161portu na 1 majstrovsk\u00e9 stretnutie pod\u013ea \u010dl. 37\/5a DP:<\/p>\n\n\n\n<p><strong>U120: Patrik Macejko <\/strong>(1372333, TJ Lokomot\u00edva Margecany; VII. L)&nbsp; \u2013 od 9.5.2025 \/\/ 10,- \u20ac<\/p>\n\n\n\n<p><strong>U121: Milan \u0160ef\u010d\u00edk <\/strong>(1240638, \u0160K Breznovica Letanovce; VII. L)&nbsp; \u2013 od 9.5.2025 \/\/ 10,- \u20ac<\/p>\n\n\n\n<p><strong><u>II. DISCIPLIN\u00c1RNE KONANIA:<\/u><\/strong><\/p>\n\n\n\n<p><strong><u>III. OZNAMY DK SOFZ:<\/u><\/strong><\/p>\n\n\n\n<p><strong><u>IV. Pou\u010denie o mo\u017enosti poda\u0165 odvolanie a o poplatku za odvolanie a vypracovanie od\u00f4vodnenia rozhodnutia DK a o rozhodnutiach, vo\u010di ktor\u00fdm odvolanie nie je pr\u00edpustn\u00e9:\u202f<\/u><\/strong><\/p>\n\n\n\n<p>1\/ Proti rozhodnutiam DK m\u00f4\u017eu poda\u0165 dotknut\u00e9 strany v s\u00falade s ustanoven\u00edm \u010dl. 81, 82, 83 a 84 DP odvolanie disciplin\u00e1rnej komisii, ktor\u00e1 rozhodovala v prvom stupni (DK SOFZ), a to do 7 dn\u00ed odo d\u0148a ozn\u00e1menia rozhodnutia. Ozn\u00e1men\u00edm rozhodnutia sa rozumie de\u0148 jeho zverejnenia na webovom port\u00e1li SOFZ &#8211; www.sofz.sk alebo jeho vyhl\u00e1senia previnilcovi, ak sa osobne z\u00fa\u010dastnil na prerokovan\u00ed disciplin\u00e1rneho previnenia.\u202f\u202f<\/p>\n\n\n\n<p>2\/ Odvolanie m\u00e1 odkladn\u00fd \u00fa\u010dinok, okrem pr\u00edpadov ustanoven\u00fdch DP alebo in\u00fdm predpisom SFZ.\u202f<\/p>\n\n\n\n<p>3\/ Poplatok za odvolanie je pri s\u00fa\u0165a\u017eiach 7. a 8. ligy vo v\u00fd\u0161ke 50.- \u20ac a pri s\u00fa\u0165a\u017eiach U19 a U15 vo v\u00fd\u0161ke 30.- \u20ac;\u202fak je odvolate\u013eom subjekt, ktor\u00fd uhr\u00e1dza poplatky prostredn\u00edctvom mesa\u010dnej zbernej fakt\u00fary, poplatok za odvolanie sa za\u00fa\u010dtuje do zbernej fakt\u00fary po skon\u010den\u00ed odvolacieho konania iba v pr\u00edpade, ak odvolate\u013e nebude \u00faspe\u0161n\u00fd;<\/p>\n\n\n\n<p>4\/ Proti rozhodnutiu o ur\u010den\u00ed ochrann\u00fdch opatren\u00ed je mo\u017en\u00e9 poda\u0165\u202fodvolanie pod\u013ea \u010dl\u00e1nkov 81 a\u017e 84 DP, ktor\u00e9\u202fnem\u00e1 odkladn\u00fd \u00fa\u010dinok.\u202f\u202f<\/p>\n\n\n\n<p>5\/ Proti rozhodnutiam DK pod\u013ea \u010dl. 37 ods. 3 alebo ods. 5 DP odvolanie nie je pr\u00edpustn\u00e9 (\u010dl. 37 ods. 10 DP).\u202f<\/p>\n\n\n\n<p>6\/ Ak osoba vyl\u00fa\u010den\u00e1 alebo vyk\u00e1zan\u00e1 pod\u013ea \u010dl\u00e1nku 76 ods. 1 a\u017e 3 DP pod\u00e1 odvolanie proti rozhodnutiu disciplin\u00e1rnej komisie o disciplin\u00e1rnom previnen\u00ed, za ktor\u00e9 bola vyl\u00fa\u010den\u00e1 alebo vyk\u00e1zan\u00e1, odvolanie nem\u00e1 odkladn\u00fd \u00fa\u010dinok.\u202f\u202f 7\/ Poplatok za vypracovanie od\u00f4vodnenia rozhodnutia DK SOFZ je v zmysle RS\/A\/7\/m4 u dospel\u00fdch 150,-\u20ac a u ml\u00e1de\u017ee 100,- \u20ac, pri\u010dom zaplatenie poplatku je podmienkou vypracovania tak\u00e9ho od\u00f4vodnenia, ak dotknut\u00e1 osoba neuhr\u00e1dza poplatky prostredn\u00edctvom zbernej fakt\u00fary (\u010dl. 78 ods. 5 DP).<\/p>\n\n\n\n<p><\/p>\n","protected":false},"excerpt":{"rendered":"<p>NOMIN\u00c1CIA\u2013 PPT PROJEKT ObFZ Spi\u0161sk\u00e1 Nov\u00e1 Ves v&nbsp;Krompachoch, v term\u00edne 13.05.2025 Hr\u00e1\u010di U12 Richard Pribi\u010dko FK Pokrok Krompachy J\u00e1n \u0160ab\u013ea OTJ Jamn\u00edk Samuel Sopkovi\u010d FK Pokrok Krompachy Alex Ruman OTJ Jamn\u00edk Tobias Verba FK Pokrok Krompachy Simon Bobula M\u0160K Spi\u0161sk\u00e9 Podhradie Dami\u00e1n Baloga FK Pokrok Krompachy Peter Jakubec TJ Slovan Smi\u017eany Oliver Vadel \u0160K Harichovce&#8230; <\/p>\n","protected":false},"author":2,"featured_media":0,"comment_status":"closed","ping_status":"","sticky":false,"template":"","format":"standard","meta":{"footnotes":""},"categories":[1],"tags":[],"class_list":["post-490","post","type-post","status-publish","format-standard","hentry","category-uradnespravy"],"_links":{"self":[{"href":"https:\/\/www.sofz.sk\/index.php?rest_route=\/wp\/v2\/posts\/490","targetHints":{"allow":["GET"]}}],"collection":[{"href":"https:\/\/www.sofz.sk\/index.php?rest_route=\/wp\/v2\/posts"}],"about":[{"href":"https:\/\/www.sofz.sk\/index.php?rest_route=\/wp\/v2\/types\/post"}],"author":[{"embeddable":true,"href":"https:\/\/www.sofz.sk\/index.php?rest_route=\/wp\/v2\/users\/2"}],"replies":[{"embeddable":true,"href":"https:\/\/www.sofz.sk\/index.php?rest_route=%2Fwp%2Fv2%2Fcomments&post=490"}],"version-history":[{"count":1,"href":"https:\/\/www.sofz.sk\/index.php?rest_route=\/wp\/v2\/posts\/490\/revisions"}],"predecessor-version":[{"id":491,"href":"https:\/\/www.sofz.sk\/index.php?rest_route=\/wp\/v2\/posts\/490\/revisions\/491"}],"wp:attachment":[{"href":"https:\/\/www.sofz.sk\/index.php?rest_route=%2Fwp%2Fv2%2Fmedia&parent=490"}],"wp:term":[{"taxonomy":"category","embeddable":true,"href":"https:\/\/www.sofz.sk\/index.php?rest_route=%2Fwp%2Fv2%2Fcategories&post=490"},{"taxonomy":"post_tag","embeddable":true,"href":"https:\/\/www.sofz.sk\/index.php?rest_route=%2Fwp%2Fv2%2Ftags&post=490"}],"curies":[{"name":"wp","href":"https:\/\/api.w.org\/{rel}","templated":true}]}}