{"id":193,"date":"2024-05-01T08:58:40","date_gmt":"2024-05-01T06:58:40","guid":{"rendered":"https:\/\/www.sofz.sk\/?p=193"},"modified":"2024-05-03T10:08:38","modified_gmt":"2024-05-03T08:08:38","slug":"uradna-sprava-sofz-c-33-30-4-2024","status":"publish","type":"post","link":"https:\/\/www.sofz.sk\/?p=193","title":{"rendered":"\u00daRADN\u00c1 SPR\u00c1VA SOFZ \u010c.33, 30.4.2024"},"content":{"rendered":"\n<p><strong><u>\u0160TK SOFZ<\/u><\/strong><\/p>\n\n\n\n<p><strong><u>1. \u0160TK schva\u013euje tieto v\u00fdnimky z hrac\u00edch dn\u00ed a hrac\u00edch \u010dasov:<\/u><\/strong><br>U15 \u2013 A \u2013 17. kolo: Por\u00e1\u010d \u2013 Odor\u00edn d\u0148a 08.05.2024 o 10:30 hod.&nbsp; D\u00f4vod: vz\u00e1jomn\u00e1 dohoda oboch klubov (bez poplatku).<\/p>\n\n\n\n<p>U15 \u2013 B \u2013 15. kolo: Prakovce &#8211; Kluknava d\u0148a 15.06.2024 o 10:30 hod.&nbsp; D\u00f4vod: vz\u00e1jomn\u00e1 dohoda oboch klubov (bez poplatku).<\/p>\n\n\n\n<p>U15 \u2013 A \u2013 18. kolo: Margecany &#8211; Gelnica d\u0148a 22.05.2024 o 17:00 hod.&nbsp; D\u00f4vod: pod\u013ea RS str. 14 bod 19\/b&nbsp; (bez poplatku).<\/p>\n\n\n\n<p>U15 \u2013 B \u2013 20. kolo: Kluknava &#8211; Prakovce d\u0148a 10.05.2024 o 16:00 hod.&nbsp; D\u00f4vod: vz\u00e1jomn\u00e1 dohoda oboch klubov (bez poplatku).<\/p>\n\n\n\n<p><strong><u>2. \u0160TK berie na vedomie<\/u><\/strong>&nbsp;podanie klubu OK\u0160 Spi\u0161sk\u00fd Hru\u0161ov cez ISSF syst\u00e9m zo d\u0148a 29.04.2024.<\/p>\n\n\n\n<p><strong><u>3. \u0160TK d\u00f4razne upozor\u0148uje v\u0161etky FK VII. ligy na d\u00f4sledne dodr\u017eiavanie pokynov o nat\u00e1\u010dan\u00ed videoz\u00e1znamov zo stretnut\u00ed pod\u013ea RS str. 4 bod 5\/f pod disciplin\u00e1rnymi&nbsp;d\u00f4sledkami :<\/u><\/strong><\/p>\n\n\n\n<p>Videoz\u00e1znam mus\u00ed by\u0165 zabezpe\u010den\u00fd v nasledovnej kvalite:<br>\u2013 nat\u00e1\u010da\u0165 statickou kamerou umiestnenou na pevnom podstavci z vyv\u00fd\u0161en\u00e9ho miesta a zo stredu HP<br>\u2013 nestrihan\u00fd a nepreru\u0161ovan\u00fd s \u010dasov\u00fdm z\u00e1znamom od za\u010diatku do konca hry a\u017e po odchod akt\u00e9rov stretnutia do kab\u00edn, a mus\u00ed by\u0165 vybaven\u00fd trval\u00fdm \u00fadajom prebiehania \u010dasu<br>\u2013 pohon kamery mus\u00ed by\u0165 v\u017edy kryt\u00fd bat\u00e9riami a mus\u00ed by\u0165 vyhotoven\u00fd z optim\u00e1lneho miesta a v po\u017eadovanej kvalite.&nbsp;<\/p>\n\n\n\n<p><strong><u>4. \u0160TK d\u00e1va na vedomie klubom a R<\/u><\/strong>, \u017ee v ISSF bola nasaden\u00e1 nov\u00e1 funkcionalita v evidencii \u201eostar\u0161enie hr\u00e1\u010da\u201c. Kompletn\u00e9 inform\u00e1cie ako aj popis stavov \u017eiadosti n\u00e1jdete na&nbsp;<a href=\"https:\/\/futbalsfz.sk\/ostarsenie-hraca-v-issf\/\" target=\"_blank\" rel=\"noreferrer noopener\">https:\/\/futbalsfz.sk\/ostarsenie-hraca-v-issf\/<\/a>. Za platn\u00e9 ostar\u0161enie v ISSF sa pova\u017euje ostar\u0161enie schv\u00e1len\u00e9 tajomn\u00edkom komisie \u0160TK, kedy pri hr\u00e1\u010dovi v nomin\u00e1ci\u00ed svieti zelen\u00fd kr\u00fa\u017eok. V \u017eiadosti je potrebn\u00e9 scanova\u0165&nbsp;ORIGIN\u00c1L tla\u010divo ostar\u0161enie so v\u0161etk\u00fdmi povinn\u00fdmi \u00fadajmi (d\u00e1tumy, podpisy, pe\u010diatky). Za\u010diatok platnosti ostar\u0161enia zad\u00e1va klub od d\u00e1tumu vykonania prehliadky, koniec platnosti je ten ist\u00fd d\u00e1tum nasleduj\u00faceho roka. V pr\u00edpade vy\u017eiadania je klub povinn\u00fd doru\u010di\u0165 na \u0160TK origin\u00e1l ostar\u0161enia. Na\u010falej v\u0161ak plat\u00ed aj papierov\u00e1 forma ostar\u0161enia.<\/p>\n\n\n\n<p><strong><u>5. \u0160TK schva\u013euje<\/u><\/strong>&nbsp;<strong>v\u00fdsledky<\/strong>&nbsp;stretnut\u00ed odohran\u00e9 d\u0148a 27.04. \u2013 28.04.2024.<\/p>\n\n\n\n<p><strong><u>DK SOFZ<\/u><\/strong><\/p>\n\n\n\n<p><strong><u>U. \u010d. 24-97-2023\/2024:<\/u><\/strong><strong>Radoslav \u017diga<\/strong>(1434185, TJ Spartak Bystrany; VII. L)&nbsp; &#8211; <strong>vyl\u00fa\u010den\u00fd po 2. \u017dK<\/strong> &#8211; DS: pozastavenie v\u00fdkonu \u0161portu na 1 s\u00fa\u0165a\u017en\u00e9 stretnutie v s\u00fa\u0165a\u017ei, v ktorej do\u0161lo k udeleniu DS, pod\u013ea \u010dl. 37 ods. 3 DP od 29.4.2024 \/\/ 10.- \u20ac&nbsp;<\/p>\n\n\n\n<p><strong><u>U. \u010d. 24-98-2023\/2024:<\/u><\/strong><strong>Mari\u00e1n Pac\u00e1k<\/strong>(1268145, Slovan FO Marku\u0161ovce; VII. L)&nbsp; &#8211; <strong>za 5 napom\u00ednan\u00ed \u017dK<\/strong> &#8211; DS: pozastavenie v\u00fdkonu \u0161portu na 1 s\u00fa\u0165a\u017en\u00e9 stretnutie v s\u00fa\u0165a\u017ei, v ktorej do\u0161lo k udeleniu DS, pod\u013ea \u010dl. 37 ods. 5 p\u00edsm. a) DP od 29.4.2024 \/\/ 10.- \u20ac<\/p>\n\n\n\n<p><strong><u>U. \u010d. 24-99-2023\/2024:<\/u><\/strong><strong>Branislav Va\u0161kovi\u010d<\/strong>(1285287, Slovan FO Marku\u0161ovce; VII. L)&nbsp; &#8211; <strong>za 5 napom\u00ednan\u00ed \u017dK<\/strong> &#8211; DS: pozastavenie v\u00fdkonu \u0161portu na 1 s\u00fa\u0165a\u017en\u00e9 stretnutie v s\u00fa\u0165a\u017ei, v ktorej do\u0161lo k udeleniu DS, pod\u013ea \u010dl. 37 ods. 5 p\u00edsm. a) DP od 29.4.2024 \/\/ 10.- \u20ac<\/p>\n\n\n\n<p><strong><u>U. \u010d. 24-100-2023\/2024:<\/u><\/strong><strong>Jaroslav \u0160veda<\/strong>(1320658, TJ Ban\u00edk v\u00a0Mn\u00ed\u0161ku nad Hnilcom; VII. L)\u00a0 &#8211; <strong>za 5 napom\u00ednan\u00ed \u017dK<\/strong> &#8211; DS: pozastavenie v\u00fdkonu \u0161portu na 1 s\u00fa\u0165a\u017en\u00e9 stretnutie v s\u00fa\u0165a\u017ei, v ktorej do\u0161lo k udeleniu DS, pod\u013ea \u010dl. 37 ods. 5 p\u00edsm. a) DP od 29.4.2024 \/\/ 10.- \u20ac<\/p>\n\n\n<p><b><u>PO STRETNUTIACH HRAN\u00ddCH 1.5.2024:<\/u><\/b><\/p>\n<p><!-- \/wp:post-content --><!-- wp:paragraph --><\/p>\n<p><strong><u>U. \u010d. 24-101-2023\/2024:<\/u> Andrej Olejn\u00edk <\/strong>(1363086, O\u0160K<br \/>\nTepli\u010dka; VII. L)<strong> &#8211; vyl\u00fa\u010den\u00fd za naru\u0161enie riadneho priebehu hry pod\u013ea<br \/>\n\u010dl. 45 ods. 1 p\u00edsm. a) DP<\/strong> (zmarenie vylo\u017eenej g\u00f3lovej pr\u00edle\u017eitosti<br \/>\n\u00famyseln\u00fdm hran\u00edm rukou mimo P\u00da) &#8211; DS: pozastavenie v\u00fdkonu \u0161portu na 1 s\u00fa\u0165a\u017en\u00e9<br \/>\nstretnutie v s\u00fa\u0165a\u017ei, v ktorej do\u0161lo k udeleniu DS, pod\u013ea \u010dl. 46 ods. 2 DP od<br \/>\n2.5.2024 \/\/ 10.- \u20ac<\/p>\n<p><!-- \/wp:paragraph --><!-- wp:paragraph --><\/p>\n<p><strong><u>U. \u010d. 24-102-2023\/2024:<\/u>Jergu\u0161 Piatko<\/strong>(1262321, O\u0160K<br \/>\nSlovinky; VII. L)&nbsp; &#8211; <strong>vyl\u00fa\u010den\u00fd po 2. \u017dK<\/strong> &#8211; DS: pozastavenie<br \/>\nv\u00fdkonu \u0161portu na 1 s\u00fa\u0165a\u017en\u00e9 stretnutie v s\u00fa\u0165a\u017ei, v ktorej do\u0161lo k udeleniu DS,<br \/>\npod\u013ea \u010dl. 37 ods. 3 DP od 2.5.2024 \/\/ 10.- \u20ac&nbsp;<\/p>\n<p><!-- \/wp:paragraph --><!-- wp:paragraph --><\/p>\n<p><strong><u>U. \u010d. 24-103-2023\/2024:<\/u>Marek La\u0161ko<\/strong>(1312761, O\u0160K<br \/>\nTepli\u010dka; VII. L)&nbsp; &#8211; <strong>za 9 napom\u00ednan\u00ed \u017dK<\/strong> &#8211; DS:<br \/>\npozastavenie v\u00fdkonu \u0161portu na 1 s\u00fa\u0165a\u017en\u00e9 stretnutie v s\u00fa\u0165a\u017ei, v ktorej do\u0161lo k<br \/>\nudeleniu DS, pod\u013ea \u010dl. 37 ods. 5 p\u00edsm. b) DP od 2.5.2024 \/\/ 10.- \u20ac<\/p>\n<p><!-- \/wp:paragraph --><!-- wp:paragraph --><\/p>\n<p><strong><u>U. \u010d. 24-104-2023\/2024:<\/u>Alexander \u010conka<\/strong>(1480756, FK<br \/>\n56 Ilia\u0161ovce; U15-A)&nbsp; &#8211; <strong>vyl\u00fa\u010den\u00fd zatelesn\u00e9 napadnutie na hracej<br \/>\nploche a v ur\u010den\u00fdch priestoroch pod\u013ea \u010dl. 49 ods. 1 p\u00edsm. b) DP <\/strong>(HNS \u2013<br \/>\nudretie s\u00fapera zovretou p\u00e4s\u0165ou do oblasti tv\u00e1re) &#8211; DS: pozastavenie v\u00fdkonu<br \/>\n\u0161portu na 4 t\u00fd\u017edne vo v\u0161etk\u00fdch s\u00fa\u0165a\u017eiach, v ktor\u00fdch je opr\u00e1vnen\u00fd \u0161tartova\u0165, pod\u013ea<br \/>\n\u010dl. 49 ods. 2 p\u00edsm. b) DP od 2.5.2024 do 2.6.2024 \/\/ 5.- \u20ac&nbsp;&nbsp;<\/p>\n<p><!-- \/wp:paragraph --><!-- wp:paragraph --><\/p>\n<p><strong><u>U. \u010d. 24-105-2023\/2024:<\/u>Stanislav Lupt\u00e1k<\/strong>(1447307, TJ<br \/>\nDru\u017estevn\u00edk Odor\u00edn; U15-A)&nbsp; &#8211; <strong>vyl\u00fa\u010den\u00fd zatelesn\u00e9 napadnutie nii)a<br \/>\nhracej ploche a v ur\u010den\u00fdch priestoroch pod\u013ea \u010dl. 49 ods. 1 p\u00edsm. b) DP <\/strong>(HNS<br \/>\n\u2013 udretie s\u00fapera zovretou p\u00e4s\u0165ou do oblasti tv\u00e1re) &#8211; DS: pozastavenie v\u00fdkonu<br \/>\n\u0161portu na 4 t\u00fd\u017edne vo v\u0161etk\u00fdch s\u00fa\u0165a\u017eiach, v ktor\u00fdch je opr\u00e1vnen\u00fd \u0161tartova\u0165,<br \/>\npod\u013ea \u010dl. 49 ods. 2 p\u00edsm. b) DP od 2.5.2024 do 2.6.2024 \/\/ 5.- \u20ac&nbsp;&nbsp;<\/p>\n<p><!-- \/wp:paragraph --><!-- wp:paragraph --><\/p>\n<p><strong><u>U. \u010d. 24-106-2023\/2024:<\/u> DK SOFZ<\/strong> pod\u013ea \u010dl. 71 ods. 1,<br \/>\nods. 2, ods. 3 p\u00edsm. a), b), c) DP (z\u00e1pis o&nbsp;stretnut\u00ed, spr\u00e1va DZ\/PR,<br \/>\npodania delegovan\u00fdch os\u00f4b) za\u010d\u00edna disciplin\u00e1rne konanie proti funkcion\u00e1rovi<br \/>\nklubu OFK Matejovce nad Horn\u00e1dom \u2013 Jaroslav Smotrila (1022136) pre podozrenie<br \/>\nzo sp\u00e1chania disciplin\u00e1rnych previnen\u00ed:<\/p>\n<p><!-- \/wp:paragraph --><!-- wp:paragraph --><\/p>\n<p><strong>1\/ hrub\u00e9 ne\u0161portov\u00e9 prejavy vo\u010di delegovanej osobe na hracej ploche,<br \/>\nv&nbsp;ur\u010den\u00fdch priestoroch alebo v are\u00e1li \u0161tadi\u00f3na pod\u013ea \u010dl. 48 ods. 1 p\u00edsm.<br \/>\nc) DP a<\/strong><\/p>\n<p><!-- \/wp:paragraph --><!-- wp:paragraph --><\/p>\n<p><strong>2\/ telesn\u00e9 napadnutie na hracej ploche a v ur\u010den\u00fdch priestoroch<br \/>\npod\u013ea \u010dl. 49 ods. 1 p\u00edsm. d) DP,<\/strong><\/p>\n<p><!-- \/wp:paragraph --><!-- wp:paragraph --><\/p>\n<p>ktor\u00fdch sa mal dopusti\u0165 po\u010das stretnutia, cez pol\u010dasov\u00fa prest\u00e1vku a&nbsp;po<br \/>\nstretnut\u00ed 22. kola VII. L medzi OFK Matejovce nad Horn\u00e1dom a&nbsp;TJ Ban\u00edk<br \/>\nPor\u00e1\u010d a na z\u00e1klade uveden\u00e9ho DK SOFZ:&nbsp;<\/p>\n<p><!-- \/wp:paragraph --><!-- wp:paragraph --><\/p>\n<p>i) <strong>predvol\u00e1va menovan\u00e9ho na zasadnutie pl\u00e9na DK SOFZ na de\u0148 7.5.2024<br \/>\n(utorok) o&nbsp;16.30 hod. do are\u00e1lu futbalov\u00e9ho \u0161tadi\u00f3na FK Spi\u0161sk\u00e1 Nov\u00e1 Ves<br \/>\n(konferen\u010dn\u00e9 priestory)<\/strong><\/p>\n<p><!-- \/wp:paragraph --><!-- wp:paragraph --><span style='font-size:11.0pt;line-height:115%;font-family:\"Calibri\",\"sans-serif\"'>ii) <strong><span style='font-family:\"Calibri\",\"sans-serif\"'>uklad\u00e1 menovan\u00e9mu pod\u013ea \u010dl. 43 ods. 1, ods. 2<br \/>\np\u00edsm. a), ods. 4 DP predbe\u017en\u00e9 ochrann\u00e9 opatrenie spo\u010d\u00edvaj\u00face v\u202fz\u00e1kaze v\u00fdkonu<br \/>\nfunkcie hlavn\u00e9ho usporiadate\u013ea stretnutia ako aj akejko\u013evek funkcie<br \/>\nv\u202fs\u00favislosti s\u202ffutbalov\u00fdm stretnut\u00edm do rozhodnutia o\u202fdisciplin\u00e1rnom previnen\u00ed<br \/>\ns&nbsp;\u00fa\u010dinnos\u0165ou od 3.5.2024;<\/span><\/strong>&nbsp;\/\/ bez poplatku<\/span><\/p>\n\n<!-- wp:paragraph -->\n<p><strong><u>Pou\u010denie o mo\u017enosti poda\u0165 odvolanie a o poplatku za odvolanie a vypracovanie od\u00f4vodnenia rozhodnutia DK a o rozhodnutiach, vo\u010di ktor\u00fdm odvolanie nie je pr\u00edpustn\u00e9:<\/u><\/strong><strong>\u202f<\/strong><\/p>\n<!-- \/wp:paragraph -->\n\n<!-- wp:paragraph -->\n<p>1\/ Proti rozhodnutiam DK m\u00f4\u017eu poda\u0165 dotknut\u00e9 strany v s\u00falade s ustanoven\u00edm \u010dl. 81, 82, 83 a 84 DP odvolanie disciplin\u00e1rnej komisii, ktor\u00e1 rozhodovala v prvom stupni (DK SOFZ), a to do 7 dn\u00ed odo d\u0148a ozn\u00e1menia rozhodnutia. Ozn\u00e1men\u00edm rozhodnutia sa rozumie de\u0148 jeho zverejnenia na webovom port\u00e1li SOFZ &#8211; www.sofz.sk alebo jeho vyhl\u00e1senia previnilcovi, ak sa osobne z\u00fa\u010dastnil na prerokovan\u00ed disciplin\u00e1rneho previnenia.\u202f\u202f<\/p>\n<!-- \/wp:paragraph -->\n\n<!-- wp:paragraph -->\n<p>2\/ Odvolanie m\u00e1 odkladn\u00fd \u00fa\u010dinok, okrem pr\u00edpadov ustanoven\u00fdch DP alebo in\u00fdm predpisom SFZ.\u202f<\/p>\n<!-- \/wp:paragraph -->\n\n<!-- wp:paragraph -->\n<p>3\/ Poplatok za odvolanie je pri s\u00fa\u0165a\u017eiach 7. a 8. ligy vo v\u00fd\u0161ke 50.- \u20ac a pri s\u00fa\u0165a\u017eiach U19 a U15 vo v\u00fd\u0161ke 30.- \u20ac;\u202fak je odvolate\u013eom subjekt, ktor\u00fd uhr\u00e1dza poplatky prostredn\u00edctvom mesa\u010dnej zbernej fakt\u00fary, poplatok za odvolanie sa za\u00fa\u010dtuje do zbernej fakt\u00fary po skon\u010den\u00ed odvolacieho konania iba v pr\u00edpade, ak odvolate\u013e nebude \u00faspe\u0161n\u00fd;<\/p>\n<!-- \/wp:paragraph -->\n\n<!-- wp:paragraph -->\n<p>4\/ Proti rozhodnutiu o ur\u010den\u00ed ochrann\u00fdch opatren\u00ed je mo\u017en\u00e9 poda\u0165\u202fodvolanie pod\u013ea \u010dl\u00e1nkov 81 a\u017e 84 DP, ktor\u00e9\u202fnem\u00e1 odkladn\u00fd \u00fa\u010dinok.\u202f\u202f<\/p>\n<!-- \/wp:paragraph -->\n\n<!-- wp:paragraph -->\n<p>5\/ Proti rozhodnutiam DK pod\u013ea \u010dl. 37 ods. 3 alebo ods. 5 DP odvolanie nie je pr\u00edpustn\u00e9 (\u010dl. 37 ods. 10 DP).\u202f<\/p>\n<!-- \/wp:paragraph -->\n\n<!-- wp:paragraph -->\n<p>6\/ Ak osoba vyl\u00fa\u010den\u00e1 alebo vyk\u00e1zan\u00e1 pod\u013ea \u010dl\u00e1nku 76 ods. 1 a\u017e 3 DP pod\u00e1 odvolanie proti rozhodnutiu disciplin\u00e1rnej komisie o disciplin\u00e1rnom previnen\u00ed, za ktor\u00e9 bola vyl\u00fa\u010den\u00e1 alebo vyk\u00e1zan\u00e1, odvolanie nem\u00e1 odkladn\u00fd \u00fa\u010dinok.\u202f\u202f 7\/ Poplatok za vypracovanie od\u00f4vodnenia rozhodnutia DK SOFZ je v zmysle RS\/A\/7\/m4 u dospel\u00fdch 150,-\u20ac a u ml\u00e1de\u017ee 100,- \u20ac, pri\u010dom zaplatenie poplatku je podmienkou vypracovania tak\u00e9ho od\u00f4vodnenia.(\u010dl. 78 ods. 5 DP)<\/p>\n<!-- \/wp:paragraph -->\n\n<!-- wp:paragraph -->\n<p><strong><u>KR SOFZ<\/u><\/strong><\/p>\n<!-- \/wp:paragraph -->\n\n<!-- wp:paragraph -->\n<p><strong><u>Obsadenie R a&nbsp;DZ:<\/u><\/strong><\/p>\n<!-- \/wp:paragraph -->\n\n<!-- wp:paragraph -->\n<p><strong><u>VII. liga: 23. kolo (04.05.2024o&nbsp;16:30)<\/u><\/strong><\/p>\n<!-- \/wp:paragraph -->\n\n<!-- wp:paragraph -->\n<p>Por\u00e1\u010d \u2013 Mn\u00ed\u0161ek n\/H (04.05.2024)&nbsp;&nbsp;&nbsp;&nbsp;&nbsp;&nbsp;&nbsp;&nbsp;&nbsp;&nbsp;&nbsp;&nbsp;&nbsp;&nbsp;&nbsp;&nbsp;&nbsp;&nbsp; \u017diga, Cehu\u013ea, Tak\u00e1\u010d, Labanc<\/p>\n<!-- \/wp:paragraph -->\n\n<!-- wp:paragraph -->\n<p>Margecany \u2013 Smi\u017eany (04.05.2024)&nbsp;&nbsp;&nbsp;&nbsp;&nbsp;&nbsp;&nbsp;&nbsp;&nbsp;&nbsp;&nbsp;&nbsp;&nbsp;&nbsp;&nbsp;&nbsp;&nbsp;&nbsp;&nbsp;&nbsp;&nbsp;&nbsp;&nbsp;&nbsp;&nbsp;&nbsp;&nbsp;&nbsp;&nbsp;&nbsp; Pek\u00e1r, \u0160\u0165astn\u00fd, Bu\u010d\u00e1k, Kunzo F.<\/p>\n<!-- \/wp:paragraph -->\n\n<!-- wp:paragraph -->\n<p>Tepli\u010dka \u2013 Matejovce n\/H&nbsp;&nbsp;&nbsp;&nbsp;&nbsp;&nbsp;&nbsp;&nbsp;&nbsp;&nbsp;&nbsp;&nbsp;&nbsp;&nbsp;&nbsp;&nbsp;&nbsp;&nbsp;&nbsp;&nbsp;&nbsp;&nbsp;&nbsp;&nbsp;&nbsp;&nbsp;&nbsp;&nbsp;&nbsp;&nbsp;&nbsp;&nbsp; Suche\u0148\u00e1k, Pecha S.<\/p>\n<!-- \/wp:paragraph -->\n\n<!-- wp:paragraph -->\n<p>Ilia\u0161ovce \u2013 Letanovce&nbsp;&nbsp;&nbsp;&nbsp;&nbsp;&nbsp;&nbsp;&nbsp;&nbsp;&nbsp;&nbsp;&nbsp;&nbsp;&nbsp;&nbsp;&nbsp;&nbsp;&nbsp;&nbsp;&nbsp;&nbsp;&nbsp;&nbsp;&nbsp;&nbsp;&nbsp;&nbsp;&nbsp;&nbsp;&nbsp;&nbsp;&nbsp;&nbsp;&nbsp;&nbsp;&nbsp;&nbsp;&nbsp;&nbsp;&nbsp;&nbsp; Pek\u00e1r, \u0160ar\u0161an, Kunzo F.<\/p>\n<!-- \/wp:paragraph -->\n\n<!-- wp:paragraph -->\n<p>Sp. Tom\u00e1\u0161ovce \u2013 Spartak Bystrany&nbsp;&nbsp;&nbsp;&nbsp;&nbsp;&nbsp;&nbsp;&nbsp;&nbsp;&nbsp;&nbsp;&nbsp;&nbsp;&nbsp;&nbsp;&nbsp;&nbsp;&nbsp;&nbsp;&nbsp;&nbsp;&nbsp;&nbsp;&nbsp;&nbsp;&nbsp;&nbsp;&nbsp;&nbsp;&nbsp; Cehu\u013ea, Stuhl\u00e1k<\/p>\n<!-- \/wp:paragraph -->\n\n<!-- wp:paragraph -->\n<p>Slovinky \u2013 Sp. Hru\u0161ov&nbsp;&nbsp;&nbsp;&nbsp;&nbsp;&nbsp;&nbsp;&nbsp;&nbsp;&nbsp;&nbsp;&nbsp;&nbsp;&nbsp;&nbsp;&nbsp;&nbsp;&nbsp;&nbsp;&nbsp;&nbsp;&nbsp;&nbsp;&nbsp;&nbsp;&nbsp;&nbsp;&nbsp;&nbsp;&nbsp;&nbsp;&nbsp;&nbsp;&nbsp;&nbsp;&nbsp;&nbsp;&nbsp;&nbsp;&nbsp;&nbsp; Mol\u010d\u00e1k, \u010cuj, Pavlik P.<\/p>\n<!-- \/wp:paragraph -->\n\n<!-- wp:paragraph -->\n<p>Prakovce \u2013 Marku\u0161ovce&nbsp;&nbsp;&nbsp;&nbsp;&nbsp;&nbsp;&nbsp;&nbsp;&nbsp;&nbsp;&nbsp;&nbsp;&nbsp;&nbsp;&nbsp;&nbsp;&nbsp;&nbsp;&nbsp;&nbsp;&nbsp;&nbsp;&nbsp;&nbsp;&nbsp;&nbsp;&nbsp;&nbsp;&nbsp;&nbsp;&nbsp;&nbsp;&nbsp;&nbsp;&nbsp; Pavl\u00edk J., \u0160kovirha, Hric<\/p>\n<!-- \/wp:paragraph -->\n\n<!-- wp:paragraph -->\n<p><strong><u>U19: 15. kolo (05.05.2024 o&nbsp;10:30)<\/u><\/strong><\/p>\n<!-- \/wp:paragraph -->\n\n<!-- wp:paragraph -->\n<p>Rud\u0148any \u2013 Ilia\u0161ovce&nbsp;&nbsp;&nbsp;&nbsp;&nbsp;&nbsp;&nbsp;&nbsp;&nbsp;&nbsp;&nbsp;&nbsp;&nbsp;&nbsp;&nbsp;&nbsp;&nbsp;&nbsp;&nbsp;&nbsp;&nbsp;&nbsp;&nbsp;&nbsp;&nbsp;&nbsp;&nbsp;&nbsp;&nbsp;&nbsp;&nbsp;&nbsp;&nbsp;&nbsp;&nbsp;&nbsp;&nbsp;&nbsp;&nbsp;&nbsp;&nbsp;&nbsp;&nbsp;&nbsp; \u0160ofranko, Ko\u010di\u0161ov\u00e1<\/p>\n<!-- \/wp:paragraph -->\n\n<!-- wp:paragraph -->\n<p>Margecany \u2013 Spartak Bystrany&nbsp;&nbsp;&nbsp;&nbsp;&nbsp;&nbsp;&nbsp;&nbsp;&nbsp;&nbsp;&nbsp;&nbsp;&nbsp;&nbsp;&nbsp;&nbsp;&nbsp;&nbsp;&nbsp;&nbsp;&nbsp;&nbsp; odohran\u00e9<\/p>\n<!-- \/wp:paragraph -->\n\n<!-- wp:paragraph -->\n<p><strong><u>U15 A: 16. kolo (04.05.2024 o&nbsp;14:15)<\/u><\/strong><\/p>\n<!-- \/wp:paragraph -->\n\n<!-- wp:paragraph -->\n<p>Por\u00e1\u010d \u2013 Ilia\u0161ovce (10:30)&nbsp;&nbsp;&nbsp;&nbsp;&nbsp;&nbsp;&nbsp;&nbsp;&nbsp;&nbsp;&nbsp;&nbsp;&nbsp;&nbsp;&nbsp;&nbsp;&nbsp;&nbsp;&nbsp;&nbsp;&nbsp;&nbsp;&nbsp;&nbsp;&nbsp;&nbsp;&nbsp;&nbsp;&nbsp;&nbsp;&nbsp;&nbsp;&nbsp;&nbsp;&nbsp;&nbsp;&nbsp;&nbsp;&nbsp;&nbsp;&nbsp;&nbsp;&nbsp;&nbsp;&nbsp;&nbsp;&nbsp;&nbsp;&nbsp;&nbsp;&nbsp; \u0160irila<\/p>\n<!-- \/wp:paragraph -->\n\n<!-- wp:paragraph -->\n<p>Letanovce \u2013 Marku\u0161ovce&nbsp;&nbsp;&nbsp;&nbsp;&nbsp;&nbsp;&nbsp;&nbsp;&nbsp;&nbsp;&nbsp;&nbsp;&nbsp;&nbsp;&nbsp;&nbsp;&nbsp;&nbsp;&nbsp;&nbsp;&nbsp;&nbsp;&nbsp;&nbsp;&nbsp;&nbsp;&nbsp;&nbsp;&nbsp;&nbsp;&nbsp;&nbsp;&nbsp;&nbsp;&nbsp;&nbsp;&nbsp;&nbsp;&nbsp;&nbsp;&nbsp;&nbsp;&nbsp;&nbsp;&nbsp;&nbsp;&nbsp;&nbsp;&nbsp; \u0160kovirha, Bal\u00e1\u017e<\/p>\n<!-- \/wp:paragraph -->\n\n<!-- wp:paragraph -->\n<p>S\u0160M Bystrany \u2013 Rud\u0148any&nbsp;&nbsp;&nbsp;&nbsp;&nbsp;&nbsp;&nbsp;&nbsp;&nbsp;&nbsp;&nbsp;&nbsp;&nbsp;&nbsp;&nbsp;&nbsp;&nbsp;&nbsp;&nbsp;&nbsp;&nbsp;&nbsp;&nbsp;&nbsp;&nbsp;&nbsp;&nbsp;&nbsp;&nbsp;&nbsp;&nbsp;&nbsp;&nbsp;&nbsp;&nbsp;&nbsp;&nbsp;&nbsp;&nbsp;&nbsp;&nbsp;&nbsp;&nbsp;&nbsp;&nbsp;&nbsp;&nbsp;&nbsp;&nbsp; Mu\u017e\u00edk, Strella<\/p>\n<!-- \/wp:paragraph -->\n\n<!-- wp:paragraph -->\n<p>Hrabu\u0161ice \u2013 Sp. Tom\u00e1\u0161ovce (05.05.2024 o&nbsp;13:15)&nbsp;&nbsp;&nbsp; Perdu\u013e\u00e1k, Mu\u017e\u00edk<\/p>\n<!-- \/wp:paragraph -->\n\n<!-- wp:paragraph -->\n<p>Olcnava \u2013 Smi\u017eany \u201eB\u201c (05.05.2024 o&nbsp;14:00)&nbsp;&nbsp;&nbsp;&nbsp;&nbsp;&nbsp;&nbsp;&nbsp;&nbsp;&nbsp;&nbsp;&nbsp;&nbsp; Uhrin, Petru\u0161ka<\/p>\n<!-- \/wp:paragraph -->\n\n<!-- wp:paragraph -->\n<p>Odor\u00edn \u2013 Sp. Hru\u0161ov (05.05.2024 o&nbsp;14:00)&nbsp;&nbsp;&nbsp;&nbsp;&nbsp;&nbsp;&nbsp;&nbsp;&nbsp;&nbsp;&nbsp;&nbsp;&nbsp;&nbsp;&nbsp;&nbsp;&nbsp;&nbsp; \u017diga, Ko\u010di\u0161ov\u00e1<\/p>\n<!-- \/wp:paragraph -->\n\n<!-- wp:paragraph -->\n<p><strong><u>U15 B: 14. kolo (04.05.2024 o&nbsp;14:15)<\/u><\/strong><\/p>\n<!-- \/wp:paragraph -->\n\n<!-- wp:paragraph -->\n<p>Kluknava \u2013 Gelnica &nbsp;&nbsp;&nbsp;&nbsp;&nbsp;&nbsp;&nbsp;&nbsp;&nbsp;&nbsp;&nbsp;&nbsp;&nbsp;&nbsp;&nbsp;&nbsp;&nbsp;&nbsp;&nbsp;&nbsp;&nbsp;&nbsp;&nbsp;&nbsp;&nbsp;&nbsp;&nbsp;&nbsp;&nbsp; Koval\u010d\u00edk, Ondru\u0161 \u0160., Ondru\u0161 A.<\/p>\n<!-- \/wp:paragraph -->\n\n<!-- wp:paragraph -->\n<p>Margecany \u2013 Prakovce&nbsp;&nbsp;&nbsp;&nbsp;&nbsp;&nbsp;&nbsp;&nbsp;&nbsp;&nbsp;&nbsp;&nbsp;&nbsp;&nbsp;&nbsp;&nbsp;&nbsp;&nbsp;&nbsp;&nbsp;&nbsp;&nbsp; Kotrady, Mol\u010d\u00e1k<\/p>\n<!-- \/wp:paragraph -->\n\n<!-- wp:paragraph -->\n<p>Helcmanovce \u2013 V. Folkmar\u00a0\u00a0\u00a0\u00a0\u00a0\u00a0\u00a0\u00a0\u00a0\u00a0\u00a0\u00a0\u00a0\u00a0\u00a0\u00a0\u00a0\u00a0\u00a0\u00a0\u00a0\u00a0\u00a0\u00a0\u00a0\u00a0\u00a0\u00a0\u00a0\u00a0 Hric, \u0160kovirha, Pavl\u00edk J.<\/p>\n<!-- \/wp:paragraph -->\n\n<!-- wp:paragraph -->\n<p><strong><u>Obsadenie R a&nbsp;DZ:<\/u><\/strong><\/p>\n<!-- \/wp:paragraph -->\n\n<!-- wp:paragraph -->\n<p><strong><u>VII. liga: 23. kolo (04.05.2024o&nbsp;16:30)<\/u><\/strong><\/p>\n<!-- \/wp:paragraph -->\n\n<!-- wp:paragraph -->\n<p>Por\u00e1\u010d \u2013 Mn\u00ed\u0161ek n\/H (04.05.2024)&nbsp;&nbsp;&nbsp;&nbsp;&nbsp;&nbsp;&nbsp;&nbsp;&nbsp;&nbsp;&nbsp;&nbsp;&nbsp;&nbsp;&nbsp;&nbsp;&nbsp;&nbsp; Pek\u00e1r (R) za \u017digu<\/p>\n<!-- \/wp:paragraph -->\n\n<!-- wp:paragraph -->\n<p>Margecany \u2013 Smi\u017eany (04.05.2024)&nbsp;&nbsp;&nbsp;&nbsp;&nbsp;&nbsp;&nbsp;&nbsp;&nbsp;&nbsp;&nbsp;&nbsp;&nbsp;&nbsp;&nbsp;&nbsp;&nbsp;&nbsp;&nbsp;&nbsp;&nbsp;&nbsp;&nbsp;&nbsp;&nbsp;&nbsp;&nbsp;&nbsp;&nbsp;&nbsp; \u017diga (R) za Pek\u00e1ra<\/p>\n<!-- \/wp:paragraph -->\n\n<!-- wp:paragraph -->\n<p>Slovinky \u2013 Sp. Hru\u0161ov&nbsp;&nbsp;&nbsp;&nbsp;&nbsp;&nbsp;&nbsp;&nbsp;&nbsp;&nbsp;&nbsp;&nbsp;&nbsp;&nbsp;&nbsp;&nbsp;&nbsp;&nbsp;&nbsp;&nbsp;&nbsp;&nbsp;&nbsp;&nbsp;&nbsp;&nbsp;&nbsp;&nbsp;&nbsp;&nbsp;&nbsp;&nbsp;&nbsp;&nbsp;&nbsp;&nbsp;&nbsp;&nbsp;&nbsp;&nbsp;&nbsp; Pavl\u00edk J. (AR1) za \u010cuja, Korko\u0161 ako AR2<\/p>\n<!-- \/wp:paragraph -->\n\n<!-- wp:paragraph -->\n<p>Prakovce \u2013 Marku\u0161ovce&nbsp;&nbsp;&nbsp;&nbsp;&nbsp;&nbsp;&nbsp;&nbsp;&nbsp;&nbsp;&nbsp;&nbsp;&nbsp;&nbsp;&nbsp;&nbsp;&nbsp;&nbsp;&nbsp;&nbsp;&nbsp;&nbsp;&nbsp;&nbsp;&nbsp;&nbsp;&nbsp;&nbsp;&nbsp;&nbsp;&nbsp;&nbsp;&nbsp;&nbsp;&nbsp; \u010cuj (R) za Pavl\u00edka J.<\/p>\n<!-- \/wp:paragraph -->\n\n<!-- wp:paragraph -->\n<p><strong><u>U15 A: 16. kolo (04.05.2024 o&nbsp;14:15)<\/u><\/strong><\/p>\n<!-- \/wp:paragraph -->\n\n<!-- wp:paragraph -->\n<p>Por\u00e1\u010d \u2013 Ilia\u0161ovce (10:30)&nbsp;&nbsp;&nbsp;&nbsp;&nbsp;&nbsp;&nbsp;&nbsp;&nbsp;&nbsp;&nbsp;&nbsp;&nbsp;&nbsp;&nbsp;&nbsp;&nbsp;&nbsp;&nbsp;&nbsp;&nbsp;&nbsp;&nbsp;&nbsp;&nbsp;&nbsp;&nbsp;&nbsp;&nbsp;&nbsp;&nbsp;&nbsp;&nbsp;&nbsp;&nbsp;&nbsp;&nbsp;&nbsp;&nbsp;&nbsp;&nbsp;&nbsp;&nbsp;&nbsp;&nbsp;&nbsp;&nbsp;&nbsp;&nbsp;&nbsp;&nbsp; Bal\u00e1\u017e ako AR1<\/p>\n<!-- \/wp:paragraph -->\n\n<!-- wp:paragraph -->\n<p>Hrabu\u0161ice \u2013 Sp. Tom\u00e1\u0161ovce (05.05.2024 o&nbsp;13:15)&nbsp;&nbsp;&nbsp; Mu\u017e\u00edk(AR1) ru\u0161\u00ed sa deleg\u00e1cia<\/p>\n<!-- \/wp:paragraph -->\n\n<!-- wp:paragraph -->\n<p>Odor\u00edn \u2013 Sp. Hru\u0161ov (05.05.2024 o&nbsp;14:00)&nbsp;&nbsp;&nbsp;&nbsp;&nbsp;&nbsp;&nbsp;&nbsp;&nbsp;&nbsp;&nbsp;&nbsp;&nbsp;&nbsp;&nbsp;&nbsp;&nbsp;&nbsp; Mu\u017e\u00edk (R) za \u017digu<\/p>\n<!-- \/wp:paragraph -->\n\n<!-- wp:paragraph -->\n<p><strong><u>U15 B: 14. kolo (04.05.2024 o&nbsp;14:15)<\/u><\/strong><\/p>\n<!-- \/wp:paragraph -->\n\n<!-- wp:paragraph -->\n<p>Helcmanovce \u2013 V. Folkmar&nbsp;&nbsp;&nbsp;&nbsp;&nbsp;&nbsp;&nbsp;&nbsp;&nbsp;&nbsp;&nbsp;&nbsp;&nbsp;&nbsp;&nbsp;&nbsp;&nbsp;&nbsp;&nbsp;&nbsp;&nbsp;&nbsp;&nbsp;&nbsp;&nbsp;&nbsp;&nbsp;&nbsp;&nbsp;&nbsp; \u010cuj (AR2) za Pavl\u00edka J.<\/p>\n<!-- \/wp:paragraph -->","protected":false},"excerpt":{"rendered":"<p>\u0160TK SOFZ 1. \u0160TK schva\u013euje tieto v\u00fdnimky z hrac\u00edch dn\u00ed a hrac\u00edch \u010dasov:U15 \u2013 A \u2013 17. kolo: Por\u00e1\u010d \u2013 Odor\u00edn d\u0148a 08.05.2024 o 10:30 hod.&nbsp; D\u00f4vod: vz\u00e1jomn\u00e1 dohoda oboch klubov (bez poplatku). U15 \u2013 B \u2013 15. kolo: Prakovce &#8211; Kluknava d\u0148a 15.06.2024 o 10:30 hod.&nbsp; D\u00f4vod: vz\u00e1jomn\u00e1 dohoda oboch klubov (bez poplatku). U15&#8230; <\/p>\n","protected":false},"author":2,"featured_media":0,"comment_status":"closed","ping_status":"","sticky":false,"template":"","format":"standard","meta":{"footnotes":""},"categories":[1],"tags":[],"class_list":["post-193","post","type-post","status-publish","format-standard","hentry","category-uradnespravy"],"_links":{"self":[{"href":"https:\/\/www.sofz.sk\/index.php?rest_route=\/wp\/v2\/posts\/193","targetHints":{"allow":["GET"]}}],"collection":[{"href":"https:\/\/www.sofz.sk\/index.php?rest_route=\/wp\/v2\/posts"}],"about":[{"href":"https:\/\/www.sofz.sk\/index.php?rest_route=\/wp\/v2\/types\/post"}],"author":[{"embeddable":true,"href":"https:\/\/www.sofz.sk\/index.php?rest_route=\/wp\/v2\/users\/2"}],"replies":[{"embeddable":true,"href":"https:\/\/www.sofz.sk\/index.php?rest_route=%2Fwp%2Fv2%2Fcomments&post=193"}],"version-history":[{"count":3,"href":"https:\/\/www.sofz.sk\/index.php?rest_route=\/wp\/v2\/posts\/193\/revisions"}],"predecessor-version":[{"id":197,"href":"https:\/\/www.sofz.sk\/index.php?rest_route=\/wp\/v2\/posts\/193\/revisions\/197"}],"wp:attachment":[{"href":"https:\/\/www.sofz.sk\/index.php?rest_route=%2Fwp%2Fv2%2Fmedia&parent=193"}],"wp:term":[{"taxonomy":"category","embeddable":true,"href":"https:\/\/www.sofz.sk\/index.php?rest_route=%2Fwp%2Fv2%2Fcategories&post=193"},{"taxonomy":"post_tag","embeddable":true,"href":"https:\/\/www.sofz.sk\/index.php?rest_route=%2Fwp%2Fv2%2Ftags&post=193"}],"curies":[{"name":"wp","href":"https:\/\/api.w.org\/{rel}","templated":true}]}}